{"id":141634,"date":"2025-12-31T21:54:12","date_gmt":"2026-01-01T00:54:12","guid":{"rendered":"https:\/\/revistaesperanzas.com\/web\/?p=141634"},"modified":"2025-12-31T21:54:12","modified_gmt":"2026-01-01T00:54:12","slug":"feliz-ano-nuevo-son-los-deseos-de-la-direccion-de-prensa-municipalidad-de-goya","status":"publish","type":"post","link":"https:\/\/revistaesperanzas.com\/web\/2025\/12\/feliz-ano-nuevo-son-los-deseos-de-la-direccion-de-prensa-municipalidad-de-goya\/","title":{"rendered":"FELIZ A\u00d1O NUEVO: SON LOS DESEOS DE LA DIRECCI\u00d3N DE PRENSA-MUNICIPALIDAD DE GOYA"},"content":{"rendered":"<p style=\"font-weight: 400;\">La Direcci\u00f3n de Prensa, al finalizar un a\u00f1o, quiere hacer llegar el saludo a cada colega, a cada periodista comunicador, renovando el compromiso y los desaf\u00edos para el A\u00f1o Nuevo pronto a iniciar.<\/p>\n<p style=\"font-weight: 400;\">Celebramos un a\u00f1o de trabajo y nos emocionamos por los desaf\u00edos que vendr\u00e1n.<\/p>\n<p style=\"font-weight: 400;\">&#8220;Un brindis por la oportunidad de seguir sirviendo a nuestra comunidad, brindando informaci\u00f3n veraz para que los ciudadanos tomen decisiones informadas&#8221;.<\/p>\n<p style=\"font-weight: 400;\">&#8220;En este brindis de fin de a\u00f1o, desde la Direcci\u00f3n de Prensa, agradezco, agradecemos profundamente por su acompa\u00f1amiento y profesionalismo. Cuenten con nuestro apoyo para seguir haciendo el mejor periodismo &#8220;.<\/p>\n<p style=\"font-weight: 400;\">\u00a1Un abrazo grande a todos los trabajadores de la prensa!&#8221;.<\/p>\n<p style=\"font-weight: 400;\">\u00a1Salud por el Periodismo y un Pr\u00f3spero A\u00f1o Nuevo!<\/p>\n","protected":false},"excerpt":{"rendered":"<p>La Direcci\u00f3n de Prensa, al finalizar un a\u00f1o, quiere hacer llegar el saludo a cada colega, a cada periodista comunicador, renovando el compromiso y los desaf\u00edos para el A\u00f1o Nuevo pronto a iniciar. Celebramos un a\u00f1o de trabajo y nos emocionamos por los desaf\u00edos que vendr\u00e1n. &#8220;Un brindis por la oportunidad de seguir sirviendo a [&hellip;]<\/p>\n","protected":false},"author":4,"featured_media":141635,"comment_status":"closed","ping_status":"closed","sticky":false,"template":"","format":"standard","meta":{"footnotes":""},"categories":[45],"tags":[],"class_list":{"0":"post-141634","1":"post","2":"type-post","3":"status-publish","4":"format-standard","5":"has-post-thumbnail","7":"category-locales"},"_links":{"self":[{"href":"https:\/\/revistaesperanzas.com\/web\/wp-json\/wp\/v2\/posts\/141634","targetHints":{"allow":["GET"]}}],"collection":[{"href":"https:\/\/revistaesperanzas.com\/web\/wp-json\/wp\/v2\/posts"}],"about":[{"href":"https:\/\/revistaesperanzas.com\/web\/wp-json\/wp\/v2\/types\/post"}],"author":[{"embeddable":true,"href":"https:\/\/revistaesperanzas.com\/web\/wp-json\/wp\/v2\/users\/4"}],"replies":[{"embeddable":true,"href":"https:\/\/revistaesperanzas.com\/web\/wp-json\/wp\/v2\/comments?post=141634"}],"version-history":[{"count":1,"href":"https:\/\/revistaesperanzas.com\/web\/wp-json\/wp\/v2\/posts\/141634\/revisions"}],"predecessor-version":[{"id":141636,"href":"https:\/\/revistaesperanzas.com\/web\/wp-json\/wp\/v2\/posts\/141634\/revisions\/141636"}],"wp:featuredmedia":[{"embeddable":true,"href":"https:\/\/revistaesperanzas.com\/web\/wp-json\/wp\/v2\/media\/141635"}],"wp:attachment":[{"href":"https:\/\/revistaesperanzas.com\/web\/wp-json\/wp\/v2\/media?parent=141634"}],"wp:term":[{"taxonomy":"category","embeddable":true,"href":"https:\/\/revistaesperanzas.com\/web\/wp-json\/wp\/v2\/categories?post=141634"},{"taxonomy":"post_tag","embeddable":true,"href":"https:\/\/revistaesperanzas.com\/web\/wp-json\/wp\/v2\/tags?post=141634"}],"curies":[{"name":"wp","href":"https:\/\/api.w.org\/{rel}","templated":true}]}}