{"id":141637,"date":"2025-12-31T21:59:42","date_gmt":"2026-01-01T00:59:42","guid":{"rendered":"https:\/\/revistaesperanzas.com\/web\/?p=141637"},"modified":"2025-12-31T21:59:42","modified_gmt":"2026-01-01T00:59:42","slug":"todo-listo-en-el-multiespacio-ferial-costa-surubi-para-recibir-el-ano-nuevo","status":"publish","type":"post","link":"https:\/\/revistaesperanzas.com\/web\/2025\/12\/todo-listo-en-el-multiespacio-ferial-costa-surubi-para-recibir-el-ano-nuevo\/","title":{"rendered":"TODO LISTO EN EL MULTIESPACIO FERIAL COSTA SURUB\u00cd PARA RECIBIR EL A\u00d1O NUEVO."},"content":{"rendered":"<p style=\"font-weight: 400;\">Goya se prepara para recibir el A\u00f1o Nuevo con una gran fiesta gratuita organizada por la<a href=\"https:\/\/revistaesperanzas.com\/web\/2025\/12\/todo-listo-en-el-multiespacio-ferial-costa-surubi-para-recibir-el-ano-nuevo\/ano-nuevo-costa-surubi-todo-listo-ilustracion-5\/\" rel=\"attachment wp-att-141639\"><img loading=\"lazy\" decoding=\"async\" class=\" wp-image-141639 alignright\" src=\"https:\/\/revistaesperanzas.com\/web\/wp-content\/uploads\/2025\/12\/ano-nuevo-costa-surubi-todo-listo-ilustracion-5.jpg\" alt=\"\" width=\"401\" height=\"266\" \/><\/a> Municipalidad. El ingreso de manera libre y gratuita se ha establecido despu\u00e9s del brindis familiar, a partir de la 1 de la madrugada y hasta las 4, con extensi\u00f3n de la Fiesta hasta las 6 horas.<\/p>\n<p style=\"font-weight: 400;\">El encuentro de A\u00f1o Nuevo ofrecer\u00e1 m\u00fasica en vivo con la actuaci\u00f3n de los DJs Agus Quiroz y Fede Medero, luces, animaci\u00f3n para todos los que asistan a esta convocatoria.<a href=\"https:\/\/revistaesperanzas.com\/web\/2025\/12\/todo-listo-en-el-multiespacio-ferial-costa-surubi-para-recibir-el-ano-nuevo\/ano-nuevo-costa-surubi-todo-listo-ilustracion-3\/\" rel=\"attachment wp-att-141640\"><img loading=\"lazy\" decoding=\"async\" class=\" wp-image-141640 alignleft\" src=\"https:\/\/revistaesperanzas.com\/web\/wp-content\/uploads\/2025\/12\/ano-nuevo-costa-surubi-todo-listo-ilustracion-3.jpg\" alt=\"\" width=\"401\" height=\"266\" \/><\/a><\/p>\n<p style=\"font-weight: 400;\">RECOMENDACIONES<\/p>\n<p style=\"font-weight: 400;\">Desde la Direcci\u00f3n de Juventud se recomienda: \u201cLlevar el hielo cortado. Se permite el ingreso con conservadoras sin envases de vidrio u otros elementos punzocortantes que pueden provocar da\u00f1os a las personas\u201d<\/p>\n<p style=\"font-weight: 400;\">Todo listo en el Predio Costa Surub\u00ed para la Fiesta del A\u00f1o Nuevo a partir de la 1 de la madrugada.<a href=\"https:\/\/revistaesperanzas.com\/web\/2025\/12\/todo-listo-en-el-multiespacio-ferial-costa-surubi-para-recibir-el-ano-nuevo\/ano-nuevo-costa-surubi-flyr\/\" rel=\"attachment wp-att-141641\"><img loading=\"lazy\" decoding=\"async\" class=\"size-full wp-image-141641 aligncenter\" src=\"https:\/\/revistaesperanzas.com\/web\/wp-content\/uploads\/2025\/12\/ano-nuevo-costa-surubi-flyr.jpg\" alt=\"\" width=\"600\" height=\"750\" srcset=\"https:\/\/revistaesperanzas.com\/web\/wp-content\/uploads\/2025\/12\/ano-nuevo-costa-surubi-flyr.jpg 600w, https:\/\/revistaesperanzas.com\/web\/wp-content\/uploads\/2025\/12\/ano-nuevo-costa-surubi-flyr-336x420.jpg 336w\" sizes=\"auto, (max-width: 600px) 100vw, 600px\" \/><\/a><\/p>\n","protected":false},"excerpt":{"rendered":"<p>Goya se prepara para recibir el A\u00f1o Nuevo con una gran fiesta gratuita organizada por la Municipalidad. El ingreso de manera libre y gratuita se ha establecido despu\u00e9s del brindis familiar, a partir de la 1 de la madrugada y hasta las 4, con extensi\u00f3n de la Fiesta hasta las 6 horas. El encuentro de [&hellip;]<\/p>\n","protected":false},"author":4,"featured_media":141638,"comment_status":"closed","ping_status":"closed","sticky":false,"template":"","format":"standard","meta":{"footnotes":""},"categories":[45],"tags":[],"class_list":{"0":"post-141637","1":"post","2":"type-post","3":"status-publish","4":"format-standard","5":"has-post-thumbnail","7":"category-locales"},"_links":{"self":[{"href":"https:\/\/revistaesperanzas.com\/web\/wp-json\/wp\/v2\/posts\/141637","targetHints":{"allow":["GET"]}}],"collection":[{"href":"https:\/\/revistaesperanzas.com\/web\/wp-json\/wp\/v2\/posts"}],"about":[{"href":"https:\/\/revistaesperanzas.com\/web\/wp-json\/wp\/v2\/types\/post"}],"author":[{"embeddable":true,"href":"https:\/\/revistaesperanzas.com\/web\/wp-json\/wp\/v2\/users\/4"}],"replies":[{"embeddable":true,"href":"https:\/\/revistaesperanzas.com\/web\/wp-json\/wp\/v2\/comments?post=141637"}],"version-history":[{"count":2,"href":"https:\/\/revistaesperanzas.com\/web\/wp-json\/wp\/v2\/posts\/141637\/revisions"}],"predecessor-version":[{"id":141643,"href":"https:\/\/revistaesperanzas.com\/web\/wp-json\/wp\/v2\/posts\/141637\/revisions\/141643"}],"wp:featuredmedia":[{"embeddable":true,"href":"https:\/\/revistaesperanzas.com\/web\/wp-json\/wp\/v2\/media\/141638"}],"wp:attachment":[{"href":"https:\/\/revistaesperanzas.com\/web\/wp-json\/wp\/v2\/media?parent=141637"}],"wp:term":[{"taxonomy":"category","embeddable":true,"href":"https:\/\/revistaesperanzas.com\/web\/wp-json\/wp\/v2\/categories?post=141637"},{"taxonomy":"post_tag","embeddable":true,"href":"https:\/\/revistaesperanzas.com\/web\/wp-json\/wp\/v2\/tags?post=141637"}],"curies":[{"name":"wp","href":"https:\/\/api.w.org\/{rel}","templated":true}]}}