{"id":141704,"date":"2026-01-05T19:22:05","date_gmt":"2026-01-05T22:22:05","guid":{"rendered":"https:\/\/revistaesperanzas.com\/web\/?p=141704"},"modified":"2026-01-05T19:22:05","modified_gmt":"2026-01-05T22:22:05","slug":"queria-hablar-por-telefono-y","status":"publish","type":"post","link":"https:\/\/revistaesperanzas.com\/web\/2026\/01\/queria-hablar-por-telefono-y\/","title":{"rendered":"QUER\u00cdA HABLAR POR TEL\u00c9FONO Y . . . ."},"content":{"rendered":"<p>MERCEDES &#8211; La Polic\u00eda aprehendi\u00f3 al presunto autor de la sustracci\u00f3n de un tel\u00e9fono celular<\/p>\n<p>En horas de la ma\u00f1ana DEL 03-01-26, efectivos policiales de la Comisar\u00eda distrito Primera de Mercedes con la cooperaci\u00f3n de la divisi\u00f3n investigaciones en colaboraci\u00f3n de la unidad fiscal interviniente, aprehendieron a un sujeto, sindicado como presunto autor de la sustracci\u00f3n de un tel\u00e9fono celular.<\/p>\n<p>El hecho se habr\u00eda registrado en horas de la tarde de ayer, cuando presuntamente una mujer se dirig\u00eda caminando por calle San Mart\u00edn y San Lorenzo, tras ser amedrentada y amenazada por un sujeto, le sustrajo su tel\u00e9fono celular -marca motorola-, para huir r\u00e1pidamente.<\/p>\n<p>Ante tal circunstancia y al tomar conocimiento del hecho, los polic\u00edas en colaboraci\u00f3n con la unidad fiscal en turno, iniciaron un intenso trabajo de investigaci\u00f3n, en este sentido, tras observar c\u00e1maras de seguridad, posibilit\u00f3 a los investigadores individualizar al presunto autor, tal es as\u00ed que luego de un importante despliegue lograron localizar y aprehender en inmediaciones de calle Espa\u00f1a e Independencia, al presunto autor del hecho, un hombre de 45 a\u00f1os de edad.<\/p>\n<p>El hombre fue puesto a disposici\u00f3n de la autoridad fiscal interviniente, siendo trasladado a la citada dependencia policial donde se prosigue con los tramites que corresponden.<\/p>\n","protected":false},"excerpt":{"rendered":"<p>MERCEDES &#8211; La Polic\u00eda aprehendi\u00f3 al presunto autor de la sustracci\u00f3n de un tel\u00e9fono celular En horas de la ma\u00f1ana DEL 03-01-26, efectivos policiales de la Comisar\u00eda distrito Primera de Mercedes con la cooperaci\u00f3n de la divisi\u00f3n investigaciones en colaboraci\u00f3n de la unidad fiscal interviniente, aprehendieron a un sujeto, sindicado como presunto autor de la [&hellip;]<\/p>\n","protected":false},"author":4,"featured_media":141705,"comment_status":"closed","ping_status":"closed","sticky":false,"template":"","format":"standard","meta":{"footnotes":""},"categories":[58],"tags":[],"class_list":{"0":"post-141704","1":"post","2":"type-post","3":"status-publish","4":"format-standard","5":"has-post-thumbnail","7":"category-corrientes"},"_links":{"self":[{"href":"https:\/\/revistaesperanzas.com\/web\/wp-json\/wp\/v2\/posts\/141704","targetHints":{"allow":["GET"]}}],"collection":[{"href":"https:\/\/revistaesperanzas.com\/web\/wp-json\/wp\/v2\/posts"}],"about":[{"href":"https:\/\/revistaesperanzas.com\/web\/wp-json\/wp\/v2\/types\/post"}],"author":[{"embeddable":true,"href":"https:\/\/revistaesperanzas.com\/web\/wp-json\/wp\/v2\/users\/4"}],"replies":[{"embeddable":true,"href":"https:\/\/revistaesperanzas.com\/web\/wp-json\/wp\/v2\/comments?post=141704"}],"version-history":[{"count":1,"href":"https:\/\/revistaesperanzas.com\/web\/wp-json\/wp\/v2\/posts\/141704\/revisions"}],"predecessor-version":[{"id":141706,"href":"https:\/\/revistaesperanzas.com\/web\/wp-json\/wp\/v2\/posts\/141704\/revisions\/141706"}],"wp:featuredmedia":[{"embeddable":true,"href":"https:\/\/revistaesperanzas.com\/web\/wp-json\/wp\/v2\/media\/141705"}],"wp:attachment":[{"href":"https:\/\/revistaesperanzas.com\/web\/wp-json\/wp\/v2\/media?parent=141704"}],"wp:term":[{"taxonomy":"category","embeddable":true,"href":"https:\/\/revistaesperanzas.com\/web\/wp-json\/wp\/v2\/categories?post=141704"},{"taxonomy":"post_tag","embeddable":true,"href":"https:\/\/revistaesperanzas.com\/web\/wp-json\/wp\/v2\/tags?post=141704"}],"curies":[{"name":"wp","href":"https:\/\/api.w.org\/{rel}","templated":true}]}}