{"id":141707,"date":"2026-01-05T19:25:54","date_gmt":"2026-01-05T22:25:54","guid":{"rendered":"https:\/\/revistaesperanzas.com\/web\/?p=141707"},"modified":"2026-01-05T19:25:54","modified_gmt":"2026-01-05T22:25:54","slug":"recuperan-moto-con-ladron-y-todo","status":"publish","type":"post","link":"https:\/\/revistaesperanzas.com\/web\/2026\/01\/recuperan-moto-con-ladron-y-todo\/","title":{"rendered":"RECUPERAN MOTO CON LADRON Y TODO"},"content":{"rendered":"<p>BELLA VISTA\u00a0 &#8211;\u00a0 La Polic\u00eda recuper\u00f3 una motocicleta que fuera denunciada como sustra\u00edda y demoraron a un hombre.<\/p>\n<p>Efectivos policiales de la Comisar\u00eda de distrito primera de Bella Vista, en momentos en que realizaban sus labores de prevenci\u00f3n, divisaron a un sujeto que llevaba una motocicleta y la que result\u00f3 estar denunciada como sustra\u00edda.<\/p>\n<p>El procedimiento lo realizaron cuando encontr\u00e1ndose realizando sus labores espec\u00edficas, por Ruta Provincial N\u00ba27 y N\u00ba100, divisan a un hombre -mayor de edad-, de a pie, llevando una motocicleta -sin pl\u00e1sticos y patente-, por lo que proceden a identificar a esta persona, quien no supo justificar la propiedad del rodad, ante lo cual y tras las primeras averiguaciones, result\u00f3 que el rodado registraba pedido de secuestro por hallarse denunciada como sustra\u00edda.<\/p>\n<p>El sujeto junto a la motocicleta recuperad fueron puestos a disposici\u00f3n de la autoridad fiscal en turno, en tanto, en la citada dependencia policial se prosigue con los tramites que corresponde.<\/p>\n","protected":false},"excerpt":{"rendered":"<p>BELLA VISTA\u00a0 &#8211;\u00a0 La Polic\u00eda recuper\u00f3 una motocicleta que fuera denunciada como sustra\u00edda y demoraron a un hombre. Efectivos policiales de la Comisar\u00eda de distrito primera de Bella Vista, en momentos en que realizaban sus labores de prevenci\u00f3n, divisaron a un sujeto que llevaba una motocicleta y la que result\u00f3 estar denunciada como sustra\u00edda. El [&hellip;]<\/p>\n","protected":false},"author":4,"featured_media":141708,"comment_status":"closed","ping_status":"closed","sticky":false,"template":"","format":"standard","meta":{"footnotes":""},"categories":[58],"tags":[],"class_list":{"0":"post-141707","1":"post","2":"type-post","3":"status-publish","4":"format-standard","5":"has-post-thumbnail","7":"category-corrientes"},"_links":{"self":[{"href":"https:\/\/revistaesperanzas.com\/web\/wp-json\/wp\/v2\/posts\/141707","targetHints":{"allow":["GET"]}}],"collection":[{"href":"https:\/\/revistaesperanzas.com\/web\/wp-json\/wp\/v2\/posts"}],"about":[{"href":"https:\/\/revistaesperanzas.com\/web\/wp-json\/wp\/v2\/types\/post"}],"author":[{"embeddable":true,"href":"https:\/\/revistaesperanzas.com\/web\/wp-json\/wp\/v2\/users\/4"}],"replies":[{"embeddable":true,"href":"https:\/\/revistaesperanzas.com\/web\/wp-json\/wp\/v2\/comments?post=141707"}],"version-history":[{"count":1,"href":"https:\/\/revistaesperanzas.com\/web\/wp-json\/wp\/v2\/posts\/141707\/revisions"}],"predecessor-version":[{"id":141709,"href":"https:\/\/revistaesperanzas.com\/web\/wp-json\/wp\/v2\/posts\/141707\/revisions\/141709"}],"wp:featuredmedia":[{"embeddable":true,"href":"https:\/\/revistaesperanzas.com\/web\/wp-json\/wp\/v2\/media\/141708"}],"wp:attachment":[{"href":"https:\/\/revistaesperanzas.com\/web\/wp-json\/wp\/v2\/media?parent=141707"}],"wp:term":[{"taxonomy":"category","embeddable":true,"href":"https:\/\/revistaesperanzas.com\/web\/wp-json\/wp\/v2\/categories?post=141707"},{"taxonomy":"post_tag","embeddable":true,"href":"https:\/\/revistaesperanzas.com\/web\/wp-json\/wp\/v2\/tags?post=141707"}],"curies":[{"name":"wp","href":"https:\/\/api.w.org\/{rel}","templated":true}]}}