{"id":141712,"date":"2026-01-05T19:29:22","date_gmt":"2026-01-05T22:29:22","guid":{"rendered":"https:\/\/revistaesperanzas.com\/web\/?p=141712"},"modified":"2026-01-05T19:30:10","modified_gmt":"2026-01-05T22:30:10","slug":"141712","status":"publish","type":"post","link":"https:\/\/revistaesperanzas.com\/web\/2026\/01\/141712\/","title":{"rendered":"HALLAN UNA MOTO ENTRE LOS YUYOS"},"content":{"rendered":"<p>SANTA LUCIA\u00a0 &#8211;\u00a0 La Polic\u00eda en recorridas de prevenci\u00f3n, hallo y secuestro una motocicleta sustra\u00edda aparentemente.<\/p>\n<p>Personal de la Unidad Especial de Seguridad Rural y Ecol\u00f3gica de Lavalle, en la jornada de ayer 04-01-26, momentos en que realizaba recorridas de prevenci\u00f3n de il\u00edcitos, hallaron una motocicleta -marca Yamaha modelo YBR- abandonada sobre la Ruta Nacional 27 al costado de la ruta y oculta entre los pastizales.<\/p>\n<p>Por tal motivo, los mencionados efectivos procedieron al secuestro preventivo de la misma y tras realizar las averiguaciones correspondientes, se constat\u00f3 que el rodado ten\u00eda pedido de secuestro, ya que aparentemente habr\u00eda sido sustra\u00eddo recientemente.<\/p>\n<p>Al respecto, la motocicleta fue trasladada hasta la citada dependencia policial donde se llevan a delante los tramites de rigor, quedando todo a disposici\u00f3n de la autoridad judicial.<\/p>\n","protected":false},"excerpt":{"rendered":"<p>SANTA LUCIA\u00a0 &#8211;\u00a0 La Polic\u00eda en recorridas de prevenci\u00f3n, hallo y secuestro una motocicleta sustra\u00edda aparentemente. Personal de la Unidad Especial de Seguridad Rural y Ecol\u00f3gica de Lavalle, en la jornada de ayer 04-01-26, momentos en que realizaba recorridas de prevenci\u00f3n de il\u00edcitos, hallaron una motocicleta -marca Yamaha modelo YBR- abandonada sobre la Ruta Nacional [&hellip;]<\/p>\n","protected":false},"author":4,"featured_media":141713,"comment_status":"closed","ping_status":"closed","sticky":false,"template":"","format":"standard","meta":{"footnotes":""},"categories":[58],"tags":[],"class_list":{"0":"post-141712","1":"post","2":"type-post","3":"status-publish","4":"format-standard","5":"has-post-thumbnail","7":"category-corrientes"},"_links":{"self":[{"href":"https:\/\/revistaesperanzas.com\/web\/wp-json\/wp\/v2\/posts\/141712","targetHints":{"allow":["GET"]}}],"collection":[{"href":"https:\/\/revistaesperanzas.com\/web\/wp-json\/wp\/v2\/posts"}],"about":[{"href":"https:\/\/revistaesperanzas.com\/web\/wp-json\/wp\/v2\/types\/post"}],"author":[{"embeddable":true,"href":"https:\/\/revistaesperanzas.com\/web\/wp-json\/wp\/v2\/users\/4"}],"replies":[{"embeddable":true,"href":"https:\/\/revistaesperanzas.com\/web\/wp-json\/wp\/v2\/comments?post=141712"}],"version-history":[{"count":2,"href":"https:\/\/revistaesperanzas.com\/web\/wp-json\/wp\/v2\/posts\/141712\/revisions"}],"predecessor-version":[{"id":141715,"href":"https:\/\/revistaesperanzas.com\/web\/wp-json\/wp\/v2\/posts\/141712\/revisions\/141715"}],"wp:featuredmedia":[{"embeddable":true,"href":"https:\/\/revistaesperanzas.com\/web\/wp-json\/wp\/v2\/media\/141713"}],"wp:attachment":[{"href":"https:\/\/revistaesperanzas.com\/web\/wp-json\/wp\/v2\/media?parent=141712"}],"wp:term":[{"taxonomy":"category","embeddable":true,"href":"https:\/\/revistaesperanzas.com\/web\/wp-json\/wp\/v2\/categories?post=141712"},{"taxonomy":"post_tag","embeddable":true,"href":"https:\/\/revistaesperanzas.com\/web\/wp-json\/wp\/v2\/tags?post=141712"}],"curies":[{"name":"wp","href":"https:\/\/api.w.org\/{rel}","templated":true}]}}