{"id":141720,"date":"2026-01-05T19:35:59","date_gmt":"2026-01-05T22:35:59","guid":{"rendered":"https:\/\/revistaesperanzas.com\/web\/?p=141720"},"modified":"2026-01-05T19:35:59","modified_gmt":"2026-01-05T22:35:59","slug":"recomendaciones-de-seguridad-para-viviendas-durante-el-periodo-de-vacaciones","status":"publish","type":"post","link":"https:\/\/revistaesperanzas.com\/web\/2026\/01\/recomendaciones-de-seguridad-para-viviendas-durante-el-periodo-de-vacaciones\/","title":{"rendered":"RECOMENDACIONES DE SEGURIDAD PARA VIVIENDAS DURANTE EL PER\u00cdODO DE VACACIONES"},"content":{"rendered":"<p>Con motivo del inicio del per\u00edodo de vacaciones y del receso escolar, muchas familias se ausentan de sus domicilios por varios d\u00edas. En este contexto, resulta fundamental adoptar una serie de medidas de seguridad preventivas, a fin de reducir riesgos y evitar hechos delictivos.<\/p>\n<p>La ausencia prolongada de moradores puede ser detectada por personas ajenas, por lo que se recomienda extremar recaudos y mantener h\u00e1bitos que brinden mayor protecci\u00f3n al hogar. A continuaci\u00f3n, se detallan una serie de consejos \u00fatiles a tener en cuenta:<\/p>\n<p>\u2022 Antes de salir, verificar que puertas, ventanas, rejas, portones y accesos secundarios se encuentren correctamente cerrados y asegurados.<\/p>\n<p>\u2022 Evitar dejar llaves escondidas en lugares de f\u00e1cil acceso como macetas, buzones o medidores.<\/p>\n<p>\u2022 No divulgar en redes sociales informaci\u00f3n vinculada a viajes, ausencias prolongadas o destinos, ni compartir ubicaciones en tiempo real.<\/p>\n<p>\u2022 Solicitar a un familiar, vecino o persona de confianza que realice controles peri\u00f3dicos del domicilio, retire correspondencia y observe movimientos extra\u00f1os.<\/p>\n<p>\u2022 Utilizar iluminaci\u00f3n exterior e interior con temporizadores, de manera que la vivienda no quede completamente a oscuras durante la noche.<\/p>\n<p>\u2022 Guardar objetos de valor, dinero y documentaci\u00f3n importante en lugares seguros, evitando que queden a la vista desde el exterior.<\/p>\n<p>\u2022 En caso de contar con alarmas, c\u00e1maras de seguridad o sistemas de monitoreo, verificar su correcto funcionamiento antes de ausentarse.<\/p>\n<p>\u2022 No desconectar totalmente la energ\u00eda el\u00e9ctrica si ello implica dejar sin funcionamiento sistemas de seguridad instalados.<\/p>\n<p>\u2022 Mantener el frente del domicilio en condiciones normales, evitando signos evidentes de abandono como acumulaci\u00f3n de diarios, correspondencia o pasto crecido.<\/p>\n<p>\u2022 Ante la detecci\u00f3n de personas, veh\u00edculos o situaciones sospechosas, comunicarse de inmediato con el Sistema Integral de Emergencias 911.<\/p>\n<p>\u2022 La prevenci\u00f3n y la colaboraci\u00f3n ciudadana resultan fundamentales para fortalecer la seguridad.<\/p>\n<p>Cabe se\u00f1alar que la Polic\u00eda contin\u00faa trabajando de manera permanente mediante patrullajes preventivos, puestos fijos y monitoreo en distintos sectores, con el objetivo de brindar tranquilidad a la comunidad en general.<\/p>\n","protected":false},"excerpt":{"rendered":"<p>Con motivo del inicio del per\u00edodo de vacaciones y del receso escolar, muchas familias se ausentan de sus domicilios por varios d\u00edas. En este contexto, resulta fundamental adoptar una serie de medidas de seguridad preventivas, a fin de reducir riesgos y evitar hechos delictivos. La ausencia prolongada de moradores puede ser detectada por personas ajenas, [&hellip;]<\/p>\n","protected":false},"author":4,"featured_media":141722,"comment_status":"closed","ping_status":"closed","sticky":false,"template":"","format":"standard","meta":{"footnotes":""},"categories":[58],"tags":[],"class_list":{"0":"post-141720","1":"post","2":"type-post","3":"status-publish","4":"format-standard","5":"has-post-thumbnail","7":"category-corrientes"},"_links":{"self":[{"href":"https:\/\/revistaesperanzas.com\/web\/wp-json\/wp\/v2\/posts\/141720","targetHints":{"allow":["GET"]}}],"collection":[{"href":"https:\/\/revistaesperanzas.com\/web\/wp-json\/wp\/v2\/posts"}],"about":[{"href":"https:\/\/revistaesperanzas.com\/web\/wp-json\/wp\/v2\/types\/post"}],"author":[{"embeddable":true,"href":"https:\/\/revistaesperanzas.com\/web\/wp-json\/wp\/v2\/users\/4"}],"replies":[{"embeddable":true,"href":"https:\/\/revistaesperanzas.com\/web\/wp-json\/wp\/v2\/comments?post=141720"}],"version-history":[{"count":1,"href":"https:\/\/revistaesperanzas.com\/web\/wp-json\/wp\/v2\/posts\/141720\/revisions"}],"predecessor-version":[{"id":141723,"href":"https:\/\/revistaesperanzas.com\/web\/wp-json\/wp\/v2\/posts\/141720\/revisions\/141723"}],"wp:featuredmedia":[{"embeddable":true,"href":"https:\/\/revistaesperanzas.com\/web\/wp-json\/wp\/v2\/media\/141722"}],"wp:attachment":[{"href":"https:\/\/revistaesperanzas.com\/web\/wp-json\/wp\/v2\/media?parent=141720"}],"wp:term":[{"taxonomy":"category","embeddable":true,"href":"https:\/\/revistaesperanzas.com\/web\/wp-json\/wp\/v2\/categories?post=141720"},{"taxonomy":"post_tag","embeddable":true,"href":"https:\/\/revistaesperanzas.com\/web\/wp-json\/wp\/v2\/tags?post=141720"}],"curies":[{"name":"wp","href":"https:\/\/api.w.org\/{rel}","templated":true}]}}