{"id":141724,"date":"2026-01-05T19:40:22","date_gmt":"2026-01-05T22:40:22","guid":{"rendered":"https:\/\/revistaesperanzas.com\/web\/?p=141724"},"modified":"2026-01-05T19:40:22","modified_gmt":"2026-01-05T22:40:22","slug":"el-regreso-del-oso-melero","status":"publish","type":"post","link":"https:\/\/revistaesperanzas.com\/web\/2026\/01\/el-regreso-del-oso-melero\/","title":{"rendered":"EL REGRESO DEL OSO MELERO"},"content":{"rendered":"<p>GENERAL PAZ\u00a0 &#8211;\u00a0 La Polic\u00eda logro rescatar a un oso melero para luego liberarlo en su habitad natural.<\/p>\n<p>Personal de la Unidad Especial de Polic\u00eda Rural y Ecol\u00f3gica de General Paz, tomaron conocimiento a trav\u00e9s del Sistema Integral de Seguridad 911, que aparentemente en inmediaciones del Barrio Mil Viviwendas de esa Localidad se hallar\u00eda un animal silvestre -oso melero-, el cual estar\u00eda desorientado y causando intranquilidad a los vecinos de la zona.<\/p>\n<p>De manera inmediata, los efectivos se constituyeron al lugar, logrando capturar al animal en forma segura, sin ocasionarle lesiones, resguardando en todo momento su integridad f\u00edsica y la seguridad de las personas.<\/p>\n<p>Finalmente, el ejemplar fue trasladado hasta la Reserva Natural Provincial \u201cSanta Mar\u00eda\u201d, donde fue liberado para su correcta reinserci\u00f3n en su h\u00e1bitat natural, quedando las actuaciones a disposici\u00f3n de las autoridades ambientales competentes.<\/p>\n","protected":false},"excerpt":{"rendered":"<p>GENERAL PAZ\u00a0 &#8211;\u00a0 La Polic\u00eda logro rescatar a un oso melero para luego liberarlo en su habitad natural. Personal de la Unidad Especial de Polic\u00eda Rural y Ecol\u00f3gica de General Paz, tomaron conocimiento a trav\u00e9s del Sistema Integral de Seguridad 911, que aparentemente en inmediaciones del Barrio Mil Viviwendas de esa Localidad se hallar\u00eda un [&hellip;]<\/p>\n","protected":false},"author":4,"featured_media":141725,"comment_status":"closed","ping_status":"closed","sticky":false,"template":"","format":"standard","meta":{"footnotes":""},"categories":[58],"tags":[],"class_list":{"0":"post-141724","1":"post","2":"type-post","3":"status-publish","4":"format-standard","5":"has-post-thumbnail","7":"category-corrientes"},"_links":{"self":[{"href":"https:\/\/revistaesperanzas.com\/web\/wp-json\/wp\/v2\/posts\/141724","targetHints":{"allow":["GET"]}}],"collection":[{"href":"https:\/\/revistaesperanzas.com\/web\/wp-json\/wp\/v2\/posts"}],"about":[{"href":"https:\/\/revistaesperanzas.com\/web\/wp-json\/wp\/v2\/types\/post"}],"author":[{"embeddable":true,"href":"https:\/\/revistaesperanzas.com\/web\/wp-json\/wp\/v2\/users\/4"}],"replies":[{"embeddable":true,"href":"https:\/\/revistaesperanzas.com\/web\/wp-json\/wp\/v2\/comments?post=141724"}],"version-history":[{"count":1,"href":"https:\/\/revistaesperanzas.com\/web\/wp-json\/wp\/v2\/posts\/141724\/revisions"}],"predecessor-version":[{"id":141726,"href":"https:\/\/revistaesperanzas.com\/web\/wp-json\/wp\/v2\/posts\/141724\/revisions\/141726"}],"wp:featuredmedia":[{"embeddable":true,"href":"https:\/\/revistaesperanzas.com\/web\/wp-json\/wp\/v2\/media\/141725"}],"wp:attachment":[{"href":"https:\/\/revistaesperanzas.com\/web\/wp-json\/wp\/v2\/media?parent=141724"}],"wp:term":[{"taxonomy":"category","embeddable":true,"href":"https:\/\/revistaesperanzas.com\/web\/wp-json\/wp\/v2\/categories?post=141724"},{"taxonomy":"post_tag","embeddable":true,"href":"https:\/\/revistaesperanzas.com\/web\/wp-json\/wp\/v2\/tags?post=141724"}],"curies":[{"name":"wp","href":"https:\/\/api.w.org\/{rel}","templated":true}]}}