{"id":141727,"date":"2026-01-05T19:43:51","date_gmt":"2026-01-05T22:43:51","guid":{"rendered":"https:\/\/revistaesperanzas.com\/web\/?p=141727"},"modified":"2026-01-05T19:43:51","modified_gmt":"2026-01-05T22:43:51","slug":"otra-vez-secuestran-carne-vacuna","status":"publish","type":"post","link":"https:\/\/revistaesperanzas.com\/web\/2026\/01\/otra-vez-secuestran-carne-vacuna\/","title":{"rendered":"\u00a1\u00a1\u00a1 OTRA VEZ &#8230;. !!! SECUESTRAN CARNE VACUNA"},"content":{"rendered":"<p>SANTA LUC\u00cdA\u00a0 &#8211;\u00a0 La Polic\u00eda secuestro 78 kilos de carne vacuna que no cumpl\u00eda con las medidas sanitarias correspondientes.<a href=\"https:\/\/revistaesperanzas.com\/web\/2026\/01\/otra-vez-secuestran-carne-vacuna\/whatsapp-image-2026-01-05-at-12-03-47\/\" rel=\"attachment wp-att-141729\"><img loading=\"lazy\" decoding=\"async\" class=\" wp-image-141729 alignleft\" src=\"https:\/\/revistaesperanzas.com\/web\/wp-content\/uploads\/2026\/01\/WhatsApp-Image-2026-01-05-at-12.03.47.jpeg\" alt=\"\" width=\"368\" height=\"489\" srcset=\"https:\/\/revistaesperanzas.com\/web\/wp-content\/uploads\/2026\/01\/WhatsApp-Image-2026-01-05-at-12.03.47.jpeg 599w, https:\/\/revistaesperanzas.com\/web\/wp-content\/uploads\/2026\/01\/WhatsApp-Image-2026-01-05-at-12.03.47-316x420.jpeg 316w\" sizes=\"auto, (max-width: 368px) 100vw, 368px\" \/><\/a><\/p>\n<p>En la jornada del 31-12-2025, durante un operativo preventivo realizado en el paraje Batel, personal de la Unidad Especial de Seguridad Rural y Ecol\u00f3gica de Lavalle inspeccion\u00f3 una carnicer\u00eda donde se detectaron serias irregularidades sanitarias.<\/p>\n<p>En el lugar, los mencionados efectivos lograron se hallar aproximadamente 76 kilos de carne vacuna que carec\u00edan totalmente de sellos sanitarios y control bromatol\u00f3gico, no pudiendo acreditarse su procedencia ni aptitud para el consumo humano, se procedi\u00f3 al secuestro de dichos productos c\u00e1rnicos bajo las formalidades legales correspondientes.<\/p>\n<p>Al respecto, todo lo secuestrado fue trasladado hasta la citada dependencia policial donde se contin\u00faan con las diligencias de rigor con conocimiento de la unidad fiscal interviniente quien dispuso iniciar actuaciones por infracci\u00f3n al art\u00edculo 206 del C\u00f3digo Penal Argentino.<\/p>\n","protected":false},"excerpt":{"rendered":"<p>SANTA LUC\u00cdA\u00a0 &#8211;\u00a0 La Polic\u00eda secuestro 78 kilos de carne vacuna que no cumpl\u00eda con las medidas sanitarias correspondientes. En la jornada del 31-12-2025, durante un operativo preventivo realizado en el paraje Batel, personal de la Unidad Especial de Seguridad Rural y Ecol\u00f3gica de Lavalle inspeccion\u00f3 una carnicer\u00eda donde se detectaron serias irregularidades sanitarias. En [&hellip;]<\/p>\n","protected":false},"author":4,"featured_media":141728,"comment_status":"closed","ping_status":"closed","sticky":false,"template":"","format":"standard","meta":{"footnotes":""},"categories":[58],"tags":[],"class_list":{"0":"post-141727","1":"post","2":"type-post","3":"status-publish","4":"format-standard","5":"has-post-thumbnail","7":"category-corrientes"},"_links":{"self":[{"href":"https:\/\/revistaesperanzas.com\/web\/wp-json\/wp\/v2\/posts\/141727","targetHints":{"allow":["GET"]}}],"collection":[{"href":"https:\/\/revistaesperanzas.com\/web\/wp-json\/wp\/v2\/posts"}],"about":[{"href":"https:\/\/revistaesperanzas.com\/web\/wp-json\/wp\/v2\/types\/post"}],"author":[{"embeddable":true,"href":"https:\/\/revistaesperanzas.com\/web\/wp-json\/wp\/v2\/users\/4"}],"replies":[{"embeddable":true,"href":"https:\/\/revistaesperanzas.com\/web\/wp-json\/wp\/v2\/comments?post=141727"}],"version-history":[{"count":2,"href":"https:\/\/revistaesperanzas.com\/web\/wp-json\/wp\/v2\/posts\/141727\/revisions"}],"predecessor-version":[{"id":141731,"href":"https:\/\/revistaesperanzas.com\/web\/wp-json\/wp\/v2\/posts\/141727\/revisions\/141731"}],"wp:featuredmedia":[{"embeddable":true,"href":"https:\/\/revistaesperanzas.com\/web\/wp-json\/wp\/v2\/media\/141728"}],"wp:attachment":[{"href":"https:\/\/revistaesperanzas.com\/web\/wp-json\/wp\/v2\/media?parent=141727"}],"wp:term":[{"taxonomy":"category","embeddable":true,"href":"https:\/\/revistaesperanzas.com\/web\/wp-json\/wp\/v2\/categories?post=141727"},{"taxonomy":"post_tag","embeddable":true,"href":"https:\/\/revistaesperanzas.com\/web\/wp-json\/wp\/v2\/tags?post=141727"}],"curies":[{"name":"wp","href":"https:\/\/api.w.org\/{rel}","templated":true}]}}