{"id":141732,"date":"2026-01-05T19:46:29","date_gmt":"2026-01-05T22:46:29","guid":{"rendered":"https:\/\/revistaesperanzas.com\/web\/?p=141732"},"modified":"2026-01-05T19:46:29","modified_gmt":"2026-01-05T22:46:29","slug":"policia-recupera-otra-moto-robada-y-van","status":"publish","type":"post","link":"https:\/\/revistaesperanzas.com\/web\/2026\/01\/policia-recupera-otra-moto-robada-y-van\/","title":{"rendered":"POLICIA RECUPERA OTRA MOTO ROBADA, Y VAN &#8230;.."},"content":{"rendered":"<p>SALADAS\u00a0 &#8211;\u00a0 La Polic\u00eda tras tareas investigativas, recupero una motocicleta denunciada como sustra\u00edda.<\/p>\n<p>En la jornada de ayer 04-01-26, efectivos policiales de la Comisar\u00eda de Distrito Primera de Saladas de forma conjunta y coordinada con el personal de la Divisi\u00f3n Investigaciones y la unidad fiscal en turno, tras una eficaz tarea investigativa, lograron localizar y secuestrar una motocicleta -marca Motomel modelo CX 150c.c- denunciada como sustra\u00edda recientemente.<\/p>\n<p>El procedimiento lo concretaron, luego de tomar conocimiento del accionar delictivo en un domicilio del barrio Chaquito de esa Localidad, por lo que de manera inmediata el personal policial se aboc\u00f3 a un intenso trabajo investigado y un exhaustivo rastrillaje por distintas zonas, lograron en un sector de espesa vegetaci\u00f3n, ubicado a la vera de la calle Joaqu\u00edn Morea\u00fa, hallar la motocicleta sustra\u00edda, la cual se encontraba abandonada, por lo que se procedi\u00f3 a su secuestro bajo las formalidades legales correspondientes.<\/p>\n<p>Por tal motivo, la motocicleta fue trasladada a la citada dependencia policial, a fin de continuar con las diligencias de rigor.<\/p>\n","protected":false},"excerpt":{"rendered":"<p>SALADAS\u00a0 &#8211;\u00a0 La Polic\u00eda tras tareas investigativas, recupero una motocicleta denunciada como sustra\u00edda. En la jornada de ayer 04-01-26, efectivos policiales de la Comisar\u00eda de Distrito Primera de Saladas de forma conjunta y coordinada con el personal de la Divisi\u00f3n Investigaciones y la unidad fiscal en turno, tras una eficaz tarea investigativa, lograron localizar y [&hellip;]<\/p>\n","protected":false},"author":4,"featured_media":141733,"comment_status":"closed","ping_status":"closed","sticky":false,"template":"","format":"standard","meta":{"footnotes":""},"categories":[58],"tags":[],"class_list":{"0":"post-141732","1":"post","2":"type-post","3":"status-publish","4":"format-standard","5":"has-post-thumbnail","7":"category-corrientes"},"_links":{"self":[{"href":"https:\/\/revistaesperanzas.com\/web\/wp-json\/wp\/v2\/posts\/141732","targetHints":{"allow":["GET"]}}],"collection":[{"href":"https:\/\/revistaesperanzas.com\/web\/wp-json\/wp\/v2\/posts"}],"about":[{"href":"https:\/\/revistaesperanzas.com\/web\/wp-json\/wp\/v2\/types\/post"}],"author":[{"embeddable":true,"href":"https:\/\/revistaesperanzas.com\/web\/wp-json\/wp\/v2\/users\/4"}],"replies":[{"embeddable":true,"href":"https:\/\/revistaesperanzas.com\/web\/wp-json\/wp\/v2\/comments?post=141732"}],"version-history":[{"count":1,"href":"https:\/\/revistaesperanzas.com\/web\/wp-json\/wp\/v2\/posts\/141732\/revisions"}],"predecessor-version":[{"id":141734,"href":"https:\/\/revistaesperanzas.com\/web\/wp-json\/wp\/v2\/posts\/141732\/revisions\/141734"}],"wp:featuredmedia":[{"embeddable":true,"href":"https:\/\/revistaesperanzas.com\/web\/wp-json\/wp\/v2\/media\/141733"}],"wp:attachment":[{"href":"https:\/\/revistaesperanzas.com\/web\/wp-json\/wp\/v2\/media?parent=141732"}],"wp:term":[{"taxonomy":"category","embeddable":true,"href":"https:\/\/revistaesperanzas.com\/web\/wp-json\/wp\/v2\/categories?post=141732"},{"taxonomy":"post_tag","embeddable":true,"href":"https:\/\/revistaesperanzas.com\/web\/wp-json\/wp\/v2\/tags?post=141732"}],"curies":[{"name":"wp","href":"https:\/\/api.w.org\/{rel}","templated":true}]}}