{"id":141735,"date":"2026-01-05T19:49:11","date_gmt":"2026-01-05T22:49:11","guid":{"rendered":"https:\/\/revistaesperanzas.com\/web\/?p=141735"},"modified":"2026-01-05T19:49:11","modified_gmt":"2026-01-05T22:49:11","slug":"detienen-a-una-persona-con-dinero-y-celular-robado","status":"publish","type":"post","link":"https:\/\/revistaesperanzas.com\/web\/2026\/01\/detienen-a-una-persona-con-dinero-y-celular-robado\/","title":{"rendered":"DETIENEN A UNA PERSONA CON DINERO Y CELULAR ROBADO"},"content":{"rendered":"<p>CAA CATI &#8211;\u00a0 La Polic\u00eda recuper\u00f3 dinero un tel\u00e9fono sustra\u00eddo y demor\u00f3 a un hombre<\/p>\n<p>En la jornada de hoy 05-01-26, efectivos policiales de la Comisar\u00eda Distrito de General Paz en un r\u00e1pido y eficaz accionar, tras un importante despliegue lograron recuperar varias cosas y demorar a un hombre.<\/p>\n<p>El procedimiento fue concretado en la citada localidad, donde los mencionados efectivos, tras los distintos trabajos de investigaci\u00f3n, secuestraron dinero en efectivo y un tel\u00e9fono celular \u2013 marca Samsung 02- y tambi\u00e9n demoraron a un hombre, vinculado al hecho que se investiga.<\/p>\n<p>El demorado junto a lo recuperado fueron puestos a disposici\u00f3n de la autoridad fiscal interviniente y trasladados a la citada dependencia policial a fin de proseguir con los tr\u00e1mites del caso.<\/p>\n","protected":false},"excerpt":{"rendered":"<p>CAA CATI &#8211;\u00a0 La Polic\u00eda recuper\u00f3 dinero un tel\u00e9fono sustra\u00eddo y demor\u00f3 a un hombre En la jornada de hoy 05-01-26, efectivos policiales de la Comisar\u00eda Distrito de General Paz en un r\u00e1pido y eficaz accionar, tras un importante despliegue lograron recuperar varias cosas y demorar a un hombre. El procedimiento fue concretado en la [&hellip;]<\/p>\n","protected":false},"author":4,"featured_media":141736,"comment_status":"closed","ping_status":"closed","sticky":false,"template":"","format":"standard","meta":{"footnotes":""},"categories":[58],"tags":[],"class_list":{"0":"post-141735","1":"post","2":"type-post","3":"status-publish","4":"format-standard","5":"has-post-thumbnail","7":"category-corrientes"},"_links":{"self":[{"href":"https:\/\/revistaesperanzas.com\/web\/wp-json\/wp\/v2\/posts\/141735","targetHints":{"allow":["GET"]}}],"collection":[{"href":"https:\/\/revistaesperanzas.com\/web\/wp-json\/wp\/v2\/posts"}],"about":[{"href":"https:\/\/revistaesperanzas.com\/web\/wp-json\/wp\/v2\/types\/post"}],"author":[{"embeddable":true,"href":"https:\/\/revistaesperanzas.com\/web\/wp-json\/wp\/v2\/users\/4"}],"replies":[{"embeddable":true,"href":"https:\/\/revistaesperanzas.com\/web\/wp-json\/wp\/v2\/comments?post=141735"}],"version-history":[{"count":1,"href":"https:\/\/revistaesperanzas.com\/web\/wp-json\/wp\/v2\/posts\/141735\/revisions"}],"predecessor-version":[{"id":141737,"href":"https:\/\/revistaesperanzas.com\/web\/wp-json\/wp\/v2\/posts\/141735\/revisions\/141737"}],"wp:featuredmedia":[{"embeddable":true,"href":"https:\/\/revistaesperanzas.com\/web\/wp-json\/wp\/v2\/media\/141736"}],"wp:attachment":[{"href":"https:\/\/revistaesperanzas.com\/web\/wp-json\/wp\/v2\/media?parent=141735"}],"wp:term":[{"taxonomy":"category","embeddable":true,"href":"https:\/\/revistaesperanzas.com\/web\/wp-json\/wp\/v2\/categories?post=141735"},{"taxonomy":"post_tag","embeddable":true,"href":"https:\/\/revistaesperanzas.com\/web\/wp-json\/wp\/v2\/tags?post=141735"}],"curies":[{"name":"wp","href":"https:\/\/api.w.org\/{rel}","templated":true}]}}