{"id":141738,"date":"2026-01-05T19:53:33","date_gmt":"2026-01-05T22:53:33","guid":{"rendered":"https:\/\/revistaesperanzas.com\/web\/?p=141738"},"modified":"2026-01-05T19:53:33","modified_gmt":"2026-01-05T22:53:33","slug":"policia-identifico-a-dos-arrebatadores-y-les-secuestro-la-moto","status":"publish","type":"post","link":"https:\/\/revistaesperanzas.com\/web\/2026\/01\/policia-identifico-a-dos-arrebatadores-y-les-secuestro-la-moto\/","title":{"rendered":"POLICIA IDENTIFICO A DOS ARREBATADORES Y LES SECUESTRO LA MOTO."},"content":{"rendered":"<p>La Comisar\u00eda Primera de Goya informa que, en relaci\u00f3n a un hecho de robo en modalidad de arrebato ocurrido el 02 de enero de 2026, alrededor de las 17:15 horas, en inmediaciones de calles Belgrano y Cabral, se llevaron adelante tareas investigativas que permitieron avanzar en el esclarecimiento del caso.<\/p>\n<p>Seg\u00fan lo denunciado oportunamente, la v\u00edctima circulaba en bicicleta cuando fue interceptada por dos personas a bordo de una motocicleta, quienes le sustrajeron una cartera tipo bandolera, con un tel\u00e9fono celular y dem\u00e1s enseres.<\/p>\n<p>En el marco de la investigaci\u00f3n, y dando cumplimiento a una orden de allanamiento, se irrumpi\u00f3 en un domicilio de la calle Blas Lucioni, d\u00f3nde personal policial procedi\u00f3 a la recuperaci\u00f3n del tel\u00e9fono celular sustra\u00eddo y al secuestro de la motocicleta utilizada en el hecho.<\/p>\n<p>En tanto, la persona fue identificada conforme a la manda judicial.<\/p>\n<p>Desde la Comisar\u00eda Primera de Goya se resalta el trabajo investigativo del personal policial, orientado al esclarecimiento de los hechos delictivos y la recuperaci\u00f3n de elementos sustra\u00eddos.<\/p>\n","protected":false},"excerpt":{"rendered":"<p>La Comisar\u00eda Primera de Goya informa que, en relaci\u00f3n a un hecho de robo en modalidad de arrebato ocurrido el 02 de enero de 2026, alrededor de las 17:15 horas, en inmediaciones de calles Belgrano y Cabral, se llevaron adelante tareas investigativas que permitieron avanzar en el esclarecimiento del caso. Seg\u00fan lo denunciado oportunamente, la [&hellip;]<\/p>\n","protected":false},"author":4,"featured_media":141739,"comment_status":"closed","ping_status":"closed","sticky":false,"template":"","format":"standard","meta":{"footnotes":""},"categories":[45],"tags":[],"class_list":{"0":"post-141738","1":"post","2":"type-post","3":"status-publish","4":"format-standard","5":"has-post-thumbnail","7":"category-locales"},"_links":{"self":[{"href":"https:\/\/revistaesperanzas.com\/web\/wp-json\/wp\/v2\/posts\/141738","targetHints":{"allow":["GET"]}}],"collection":[{"href":"https:\/\/revistaesperanzas.com\/web\/wp-json\/wp\/v2\/posts"}],"about":[{"href":"https:\/\/revistaesperanzas.com\/web\/wp-json\/wp\/v2\/types\/post"}],"author":[{"embeddable":true,"href":"https:\/\/revistaesperanzas.com\/web\/wp-json\/wp\/v2\/users\/4"}],"replies":[{"embeddable":true,"href":"https:\/\/revistaesperanzas.com\/web\/wp-json\/wp\/v2\/comments?post=141738"}],"version-history":[{"count":1,"href":"https:\/\/revistaesperanzas.com\/web\/wp-json\/wp\/v2\/posts\/141738\/revisions"}],"predecessor-version":[{"id":141740,"href":"https:\/\/revistaesperanzas.com\/web\/wp-json\/wp\/v2\/posts\/141738\/revisions\/141740"}],"wp:featuredmedia":[{"embeddable":true,"href":"https:\/\/revistaesperanzas.com\/web\/wp-json\/wp\/v2\/media\/141739"}],"wp:attachment":[{"href":"https:\/\/revistaesperanzas.com\/web\/wp-json\/wp\/v2\/media?parent=141738"}],"wp:term":[{"taxonomy":"category","embeddable":true,"href":"https:\/\/revistaesperanzas.com\/web\/wp-json\/wp\/v2\/categories?post=141738"},{"taxonomy":"post_tag","embeddable":true,"href":"https:\/\/revistaesperanzas.com\/web\/wp-json\/wp\/v2\/tags?post=141738"}],"curies":[{"name":"wp","href":"https:\/\/api.w.org\/{rel}","templated":true}]}}