{"id":141748,"date":"2026-01-05T20:04:26","date_gmt":"2026-01-05T23:04:26","guid":{"rendered":"https:\/\/revistaesperanzas.com\/web\/?p=141748"},"modified":"2026-01-05T20:04:26","modified_gmt":"2026-01-05T23:04:26","slug":"centro-de-salud-san-ramon","status":"publish","type":"post","link":"https:\/\/revistaesperanzas.com\/web\/2026\/01\/centro-de-salud-san-ramon\/","title":{"rendered":"CENTRO DE SALUD SAN RAM\u00d3N"},"content":{"rendered":"<p style=\"font-weight: 400;\">El centro de salud San Ram\u00f3n contin\u00faa con los servicios habituales. Los profesionales, sus especialidades y horarios de atenci\u00f3n son los siguientes:<\/p>\n<p style=\"font-weight: 400;\">CL\u00cdNICO<\/p>\n<p style=\"font-weight: 400;\">Dr. Mill\u00e1n Antonio: Lunes, martes y viernes, 8hs.<\/p>\n<p style=\"font-weight: 400;\">Dra. Fern\u00e1ndez Nuria: Lunes y mi\u00e9rcoles, 10:30hs.<\/p>\n<p style=\"font-weight: 400;\">Dr Brest Carlos: Martes y viernes, 15:30hs.<\/p>\n<p style=\"font-weight: 400;\">Para cualquiera de estos m\u00e9dicos, el turno se anota a las 7 hs.<\/p>\n<p style=\"font-weight: 400;\">GINEC\u00d3LOGO<\/p>\n<p style=\"font-weight: 400;\">Dr. Bellando Jos\u00e9: martes 10:30hs y viernes 15:30hs.<\/p>\n<p style=\"font-weight: 400;\">Los turnos se anotan a las 7hs.<\/p>\n<p style=\"font-weight: 400;\">OBSTETRA<\/p>\n<p style=\"font-weight: 400;\">Lic. Guti\u00e9rrez Brenda: Lunes y jueves 15:30hs<\/p>\n<p style=\"font-weight: 400;\">Se programa con ecograf\u00eda confirmatoria.<\/p>\n<p style=\"font-weight: 400;\">Consejer\u00eda para uso de anticonceptivos: programar en Administraci\u00f3n.<\/p>\n<p style=\"font-weight: 400;\">PEDIATRA<\/p>\n<p style=\"font-weight: 400;\">Dra. Morales Carina: Lunes, 10:30hs y mi\u00e9rcoles, 10hs.<\/p>\n<p style=\"font-weight: 400;\">El turno se anota a las 7 hs.<\/p>\n<p style=\"font-weight: 400;\">ODONT\u00d3LOGO<\/p>\n<p style=\"font-weight: 400;\">Dr. Montenegro Ricardo: Lunes a viernes 7hs<\/p>\n<p style=\"font-weight: 400;\">Turnos: se anota a las 6:50 hs.<\/p>\n<p style=\"font-weight: 400;\">Dr. Zalazar Lucas: Martes y jueves, 9hs.<\/p>\n<p style=\"font-weight: 400;\">Dra. Vechia Natalia: Lunes y mi\u00e9rcoles, 13hs.<\/p>\n<p style=\"font-weight: 400;\">Para ambos odont\u00f3logos los turnos se anotan a las 7hs.<\/p>\n<p style=\"font-weight: 400;\">KINESI\u00d3LOGA<\/p>\n<p style=\"font-weight: 400;\">Lic. Sosa Yanina: Lunes y mi\u00e9rcoles, 14hs.<\/p>\n<p style=\"font-weight: 400;\">Programar en administraci\u00f3n a partir de las 13hs.<\/p>\n<p style=\"font-weight: 400;\">Lic. Tabelli Ernesto: Martes y jueves, 9hs.<\/p>\n<p style=\"font-weight: 400;\">Lic. Espinoza Miriam: Lunes, mi\u00e9rcoles y viernes, 11hs.<\/p>\n<p style=\"font-weight: 400;\">Programar en ambos casos durante la ma\u00f1ana (con Celeste).<\/p>\n<p style=\"font-weight: 400;\">PSICOPEDAGOGA<\/p>\n<p style=\"font-weight: 400;\">Lic. Basse Dahiana: Viernes de 8 a 11hs; y mi\u00e9rcoles y viernes, 14hs.<\/p>\n<p style=\"font-weight: 400;\">Programar en administraci\u00f3n desde las 13hs.<\/p>\n<p style=\"font-weight: 400;\">NUTRICIONISTA<\/p>\n<p style=\"font-weight: 400;\">Lic. Godoy Cecilia: Lunes y mi\u00e9rcoles, 13hs.<\/p>\n<p style=\"font-weight: 400;\">Programar durante la ma\u00f1ana (con Eli).<\/p>\n","protected":false},"excerpt":{"rendered":"<p>El centro de salud San Ram\u00f3n contin\u00faa con los servicios habituales. Los profesionales, sus especialidades y horarios de atenci\u00f3n son los siguientes: CL\u00cdNICO Dr. Mill\u00e1n Antonio: Lunes, martes y viernes, 8hs. Dra. Fern\u00e1ndez Nuria: Lunes y mi\u00e9rcoles, 10:30hs. Dr Brest Carlos: Martes y viernes, 15:30hs. Para cualquiera de estos m\u00e9dicos, el turno se anota a [&hellip;]<\/p>\n","protected":false},"author":4,"featured_media":141749,"comment_status":"closed","ping_status":"closed","sticky":false,"template":"","format":"standard","meta":{"footnotes":""},"categories":[45],"tags":[],"class_list":{"0":"post-141748","1":"post","2":"type-post","3":"status-publish","4":"format-standard","5":"has-post-thumbnail","7":"category-locales"},"_links":{"self":[{"href":"https:\/\/revistaesperanzas.com\/web\/wp-json\/wp\/v2\/posts\/141748","targetHints":{"allow":["GET"]}}],"collection":[{"href":"https:\/\/revistaesperanzas.com\/web\/wp-json\/wp\/v2\/posts"}],"about":[{"href":"https:\/\/revistaesperanzas.com\/web\/wp-json\/wp\/v2\/types\/post"}],"author":[{"embeddable":true,"href":"https:\/\/revistaesperanzas.com\/web\/wp-json\/wp\/v2\/users\/4"}],"replies":[{"embeddable":true,"href":"https:\/\/revistaesperanzas.com\/web\/wp-json\/wp\/v2\/comments?post=141748"}],"version-history":[{"count":1,"href":"https:\/\/revistaesperanzas.com\/web\/wp-json\/wp\/v2\/posts\/141748\/revisions"}],"predecessor-version":[{"id":141750,"href":"https:\/\/revistaesperanzas.com\/web\/wp-json\/wp\/v2\/posts\/141748\/revisions\/141750"}],"wp:featuredmedia":[{"embeddable":true,"href":"https:\/\/revistaesperanzas.com\/web\/wp-json\/wp\/v2\/media\/141749"}],"wp:attachment":[{"href":"https:\/\/revistaesperanzas.com\/web\/wp-json\/wp\/v2\/media?parent=141748"}],"wp:term":[{"taxonomy":"category","embeddable":true,"href":"https:\/\/revistaesperanzas.com\/web\/wp-json\/wp\/v2\/categories?post=141748"},{"taxonomy":"post_tag","embeddable":true,"href":"https:\/\/revistaesperanzas.com\/web\/wp-json\/wp\/v2\/tags?post=141748"}],"curies":[{"name":"wp","href":"https:\/\/api.w.org\/{rel}","templated":true}]}}