{"id":141754,"date":"2026-01-05T22:22:30","date_gmt":"2026-01-06T01:22:30","guid":{"rendered":"https:\/\/revistaesperanzas.com\/web\/?p=141754"},"modified":"2026-01-05T22:26:40","modified_gmt":"2026-01-06T01:26:40","slug":"se-dio-a-la-fuga-pero-la-policia-fue-mas-astuta-y-ligera-y-lo-capturo","status":"publish","type":"post","link":"https:\/\/revistaesperanzas.com\/web\/2026\/01\/se-dio-a-la-fuga-pero-la-policia-fue-mas-astuta-y-ligera-y-lo-capturo\/","title":{"rendered":"CHOC\u00d3 Y SE FUG\u00d3, PERO LA POLICIA FUE M\u00c1S ASTUTA Y LIGERA . . .  Y LO CAPTUR\u00d3"},"content":{"rendered":"<p>SANTA LUC\u00cdA (INFORMACI\u00d3N INICIAL) &#8211; La Polic\u00eda logr\u00f3 identificar y secuestrar un veh\u00edculo presuntamente involucrado en un siniestro vial, que dej\u00f3 una persona con lesiones graves, y cuyo conductor se hab\u00eda dado a la fuga<a href=\"https:\/\/revistaesperanzas.com\/web\/2026\/01\/se-dio-a-la-fuga-pero-la-policia-fue-mas-astuta-y-ligera-y-lo-capturo\/whatsapp-image-2026-01-05-at-21-00-02-3\/\" rel=\"attachment wp-att-141761\"><img loading=\"lazy\" decoding=\"async\" class=\" wp-image-141761 alignright\" src=\"https:\/\/revistaesperanzas.com\/web\/wp-content\/uploads\/2026\/01\/WhatsApp-Image-2026-01-05-at-21.00.02-2.jpeg\" alt=\"\" width=\"400\" height=\"533\" srcset=\"https:\/\/revistaesperanzas.com\/web\/wp-content\/uploads\/2026\/01\/WhatsApp-Image-2026-01-05-at-21.00.02-2.jpeg 522w, https:\/\/revistaesperanzas.com\/web\/wp-content\/uploads\/2026\/01\/WhatsApp-Image-2026-01-05-at-21.00.02-2-315x420.jpeg 315w\" sizes=\"auto, (max-width: 400px) 100vw, 400px\" \/><\/a><\/p>\n<p>Efectivos policiales de la Comisar\u00eda Distrito Santa Luc\u00eda, tras un arduo trabajo investigativo, lograron identificar y localizar un autom\u00f3vil y a su presunto conductor, en el marco de una causa judicial iniciada por un siniestro vial ocurrido el pasado 01 de enero del corriente a\u00f1o, en el cual un joven result\u00f3 con lesiones de car\u00e1cter graves.<\/p>\n<p>De acuerdo a las primeras averiguaciones y tareas investigativas llevadas a cabo por personal policial de dicha dependencia, en colaboraci\u00f3n con la Unidad Fiscal interviniente, se logr\u00f3 recabar y analizar registros f\u00edlmicos obtenidos de c\u00e1maras de seguridad ubicadas en inmediaciones del paraje La Loma, donde se pudo observar un autom\u00f3vil -marca Peugeot 207-, el cual estar\u00eda presuntamente vinculado al hecho investigado.<img decoding=\"async\" src=\"https:\/\/revistaesperanzas.com\/web\/wp-content\/uploads\/2026\/01\/WhatsApp-Image-2026-01-05-at-21.00.03.jpeg\" \/><\/p>\n<p>En ese marco y continuando con las diligencias del caso, en la jornada de hoy, se logr\u00f3 dar con el presunto conductor del rodado, un joven de 26 a\u00f1os de edad, y el secuestro del autom\u00f3vil el cual estaria involucrado en el siniestro vial.<\/p>\n<p>El demorado y el veh\u00edculo secuestrado, fueron puestos a disposici\u00f3n de la Fiscal\u00eda interviniente, prosigui\u00e9ndose con las actuaciones y diligencias que corresponden.<\/p>\n","protected":false},"excerpt":{"rendered":"<p>SANTA LUC\u00cdA (INFORMACI\u00d3N INICIAL) &#8211; La Polic\u00eda logr\u00f3 identificar y secuestrar un veh\u00edculo presuntamente involucrado en un siniestro vial, que dej\u00f3 una persona con lesiones graves, y cuyo conductor se hab\u00eda dado a la fuga Efectivos policiales de la Comisar\u00eda Distrito Santa Luc\u00eda, tras un arduo trabajo investigativo, lograron identificar y localizar un autom\u00f3vil y [&hellip;]<\/p>\n","protected":false},"author":4,"featured_media":141757,"comment_status":"closed","ping_status":"closed","sticky":false,"template":"","format":"standard","meta":{"footnotes":""},"categories":[58],"tags":[],"class_list":{"0":"post-141754","1":"post","2":"type-post","3":"status-publish","4":"format-standard","5":"has-post-thumbnail","7":"category-corrientes"},"_links":{"self":[{"href":"https:\/\/revistaesperanzas.com\/web\/wp-json\/wp\/v2\/posts\/141754","targetHints":{"allow":["GET"]}}],"collection":[{"href":"https:\/\/revistaesperanzas.com\/web\/wp-json\/wp\/v2\/posts"}],"about":[{"href":"https:\/\/revistaesperanzas.com\/web\/wp-json\/wp\/v2\/types\/post"}],"author":[{"embeddable":true,"href":"https:\/\/revistaesperanzas.com\/web\/wp-json\/wp\/v2\/users\/4"}],"replies":[{"embeddable":true,"href":"https:\/\/revistaesperanzas.com\/web\/wp-json\/wp\/v2\/comments?post=141754"}],"version-history":[{"count":3,"href":"https:\/\/revistaesperanzas.com\/web\/wp-json\/wp\/v2\/posts\/141754\/revisions"}],"predecessor-version":[{"id":141762,"href":"https:\/\/revistaesperanzas.com\/web\/wp-json\/wp\/v2\/posts\/141754\/revisions\/141762"}],"wp:featuredmedia":[{"embeddable":true,"href":"https:\/\/revistaesperanzas.com\/web\/wp-json\/wp\/v2\/media\/141757"}],"wp:attachment":[{"href":"https:\/\/revistaesperanzas.com\/web\/wp-json\/wp\/v2\/media?parent=141754"}],"wp:term":[{"taxonomy":"category","embeddable":true,"href":"https:\/\/revistaesperanzas.com\/web\/wp-json\/wp\/v2\/categories?post=141754"},{"taxonomy":"post_tag","embeddable":true,"href":"https:\/\/revistaesperanzas.com\/web\/wp-json\/wp\/v2\/tags?post=141754"}],"curies":[{"name":"wp","href":"https:\/\/api.w.org\/{rel}","templated":true}]}}