{"id":141763,"date":"2026-01-05T22:29:22","date_gmt":"2026-01-06T01:29:22","guid":{"rendered":"https:\/\/revistaesperanzas.com\/web\/?p=141763"},"modified":"2026-01-05T22:29:22","modified_gmt":"2026-01-06T01:29:22","slug":"escuela-de-verano-talleres-en-sedes-barriales-y-el-itg","status":"publish","type":"post","link":"https:\/\/revistaesperanzas.com\/web\/2026\/01\/escuela-de-verano-talleres-en-sedes-barriales-y-el-itg\/","title":{"rendered":"ESCUELA DE VERANO  TALLERES EN SEDES BARRIALES Y EL ITG"},"content":{"rendered":"<p style=\"font-weight: 400;\">En la jornada del lunes dieron inicio algunos de los talleres que forman parte de la<a href=\"https:\/\/revistaesperanzas.com\/web\/2026\/01\/escuela-de-verano-talleres-en-sedes-barriales-y-el-itg\/talleres-escuela-de-verano-3\/\" rel=\"attachment wp-att-141765\"><img loading=\"lazy\" decoding=\"async\" class=\" wp-image-141765 alignleft\" src=\"https:\/\/revistaesperanzas.com\/web\/wp-content\/uploads\/2026\/01\/talleres-escuela-de-verano-3.jpg\" alt=\"\" width=\"401\" height=\"339\" srcset=\"https:\/\/revistaesperanzas.com\/web\/wp-content\/uploads\/2026\/01\/talleres-escuela-de-verano-3.jpg 599w, https:\/\/revistaesperanzas.com\/web\/wp-content\/uploads\/2026\/01\/talleres-escuela-de-verano-3-496x420.jpg 496w\" sizes=\"auto, (max-width: 401px) 100vw, 401px\" \/><\/a> propuesta de la Escuela de Verano para los barrios. En esta oportunidad comenzaron las actividades destinadas a ni\u00f1os y adolescentes en los barrios Laguna Bosco, Belgrano y en la sede del Instituto Tecnol\u00f3gico Goya. Espacios conformados con el prop\u00f3sito de brindar conocimientos y crear un \u00e1mbito adecuado para disfrutar, compartir y recrearse.<\/p>\n<p style=\"font-weight: 400;\">Notable la adhesi\u00f3n de los participantes a estas iniciativas, cubriendo en la mayor\u00eda de los espacios los cupos destinados para cada una de las propuestas.<\/p>\n","protected":false},"excerpt":{"rendered":"<p>En la jornada del lunes dieron inicio algunos de los talleres que forman parte de la propuesta de la Escuela de Verano para los barrios. En esta oportunidad comenzaron las actividades destinadas a ni\u00f1os y adolescentes en los barrios Laguna Bosco, Belgrano y en la sede del Instituto Tecnol\u00f3gico Goya. Espacios conformados con el prop\u00f3sito [&hellip;]<\/p>\n","protected":false},"author":4,"featured_media":141764,"comment_status":"closed","ping_status":"closed","sticky":false,"template":"","format":"standard","meta":{"footnotes":""},"categories":[45],"tags":[],"class_list":{"0":"post-141763","1":"post","2":"type-post","3":"status-publish","4":"format-standard","5":"has-post-thumbnail","7":"category-locales"},"_links":{"self":[{"href":"https:\/\/revistaesperanzas.com\/web\/wp-json\/wp\/v2\/posts\/141763","targetHints":{"allow":["GET"]}}],"collection":[{"href":"https:\/\/revistaesperanzas.com\/web\/wp-json\/wp\/v2\/posts"}],"about":[{"href":"https:\/\/revistaesperanzas.com\/web\/wp-json\/wp\/v2\/types\/post"}],"author":[{"embeddable":true,"href":"https:\/\/revistaesperanzas.com\/web\/wp-json\/wp\/v2\/users\/4"}],"replies":[{"embeddable":true,"href":"https:\/\/revistaesperanzas.com\/web\/wp-json\/wp\/v2\/comments?post=141763"}],"version-history":[{"count":2,"href":"https:\/\/revistaesperanzas.com\/web\/wp-json\/wp\/v2\/posts\/141763\/revisions"}],"predecessor-version":[{"id":141767,"href":"https:\/\/revistaesperanzas.com\/web\/wp-json\/wp\/v2\/posts\/141763\/revisions\/141767"}],"wp:featuredmedia":[{"embeddable":true,"href":"https:\/\/revistaesperanzas.com\/web\/wp-json\/wp\/v2\/media\/141764"}],"wp:attachment":[{"href":"https:\/\/revistaesperanzas.com\/web\/wp-json\/wp\/v2\/media?parent=141763"}],"wp:term":[{"taxonomy":"category","embeddable":true,"href":"https:\/\/revistaesperanzas.com\/web\/wp-json\/wp\/v2\/categories?post=141763"},{"taxonomy":"post_tag","embeddable":true,"href":"https:\/\/revistaesperanzas.com\/web\/wp-json\/wp\/v2\/tags?post=141763"}],"curies":[{"name":"wp","href":"https:\/\/api.w.org\/{rel}","templated":true}]}}