{"id":141776,"date":"2026-01-05T22:36:37","date_gmt":"2026-01-06T01:36:37","guid":{"rendered":"https:\/\/revistaesperanzas.com\/web\/?p=141776"},"modified":"2026-01-05T22:36:37","modified_gmt":"2026-01-06T01:36:37","slug":"escuela-de-verano","status":"publish","type":"post","link":"https:\/\/revistaesperanzas.com\/web\/2026\/01\/escuela-de-verano\/","title":{"rendered":"ESCUELA DE VERANO"},"content":{"rendered":"<p style=\"font-weight: 400;\"><strong><em>Programa art\u00edstico para el verano.<\/em><\/strong><\/p>\n<p style=\"font-weight: 400;\">La Municipalidad de Goya desde la Secretar\u00eda de Gobierno, por medio de la Direcci\u00f3n de Cultura, suma propuestas para este verano brindando talleres de m\u00fasica, canto y danzas nativas.<a href=\"https:\/\/revistaesperanzas.com\/web\/2026\/01\/escuela-de-verano\/escuela-de-verano-taller-danza-el-trovador-barrios-flyr-2\/\" rel=\"attachment wp-att-141778\"><img loading=\"lazy\" decoding=\"async\" class=\" wp-image-141778 alignright\" src=\"https:\/\/revistaesperanzas.com\/web\/wp-content\/uploads\/2026\/01\/escuela-de-verano-taller-danza-el-trovador-barrios-flyr-2.jpg\" alt=\"\" width=\"364\" height=\"455\" srcset=\"https:\/\/revistaesperanzas.com\/web\/wp-content\/uploads\/2026\/01\/escuela-de-verano-taller-danza-el-trovador-barrios-flyr-2.jpg 600w, https:\/\/revistaesperanzas.com\/web\/wp-content\/uploads\/2026\/01\/escuela-de-verano-taller-danza-el-trovador-barrios-flyr-2-336x420.jpg 336w\" sizes=\"auto, (max-width: 364px) 100vw, 364px\" \/><\/a><\/p>\n<p style=\"font-weight: 400;\">Desde la Escuela Municipal de M\u00fasica se habilitar\u00e1 el periodo de inscripci\u00f3n a partir del lunes 12 y hasta el viernes 16 de enero, en el horario de 14 a 18, en LA Casa de la Cultura, para los interesados en adquirir conocimiento en la ejecuci\u00f3n de los siguientes instrumentos musicales: teclado; acorde\u00f3n; percusi\u00f3n; viol\u00edn; guitarra y canto.<\/p>\n<p style=\"font-weight: 400;\">Se informa que los cupos son limitados.<\/p>\n<p style=\"font-weight: 400;\">TALLER DE DANZAS NATIVAS EN LOS BARRIOS<\/p>\n<p style=\"font-weight: 400;\">Desde la Escuela Municipal de Danzas Nativas \u201cEl Trovador\u201d se anunci\u00f3 la apertura del periodo de inscripci\u00f3n a partir del lunes 12 de enero en las sedes barriales donde se dictar\u00e1n los respectivos talleres:<\/p>\n<p style=\"font-weight: 400;\">Barrio Sarmiento: martes y jueves de 9 a 10,30 horas.<\/p>\n<p style=\"font-weight: 400;\">Barrio Villa Vital: lunes y martes de 9 a 10,30 horas.<\/p>\n<p style=\"font-weight: 400;\">Barrio Madre Teresa de Calcuta: martes y jueves de 19 a 20,30 horas.<\/p>\n<p style=\"font-weight: 400;\">Vale mencionar que todas estas propuestas son de car\u00e1cter libre y gratuito.<\/p>\n","protected":false},"excerpt":{"rendered":"<p>Programa art\u00edstico para el verano. La Municipalidad de Goya desde la Secretar\u00eda de Gobierno, por medio de la Direcci\u00f3n de Cultura, suma propuestas para este verano brindando talleres de m\u00fasica, canto y danzas nativas. Desde la Escuela Municipal de M\u00fasica se habilitar\u00e1 el periodo de inscripci\u00f3n a partir del lunes 12 y hasta el viernes [&hellip;]<\/p>\n","protected":false},"author":4,"featured_media":141777,"comment_status":"closed","ping_status":"closed","sticky":false,"template":"","format":"standard","meta":{"footnotes":""},"categories":[45],"tags":[],"class_list":{"0":"post-141776","1":"post","2":"type-post","3":"status-publish","4":"format-standard","5":"has-post-thumbnail","7":"category-locales"},"_links":{"self":[{"href":"https:\/\/revistaesperanzas.com\/web\/wp-json\/wp\/v2\/posts\/141776","targetHints":{"allow":["GET"]}}],"collection":[{"href":"https:\/\/revistaesperanzas.com\/web\/wp-json\/wp\/v2\/posts"}],"about":[{"href":"https:\/\/revistaesperanzas.com\/web\/wp-json\/wp\/v2\/types\/post"}],"author":[{"embeddable":true,"href":"https:\/\/revistaesperanzas.com\/web\/wp-json\/wp\/v2\/users\/4"}],"replies":[{"embeddable":true,"href":"https:\/\/revistaesperanzas.com\/web\/wp-json\/wp\/v2\/comments?post=141776"}],"version-history":[{"count":2,"href":"https:\/\/revistaesperanzas.com\/web\/wp-json\/wp\/v2\/posts\/141776\/revisions"}],"predecessor-version":[{"id":141780,"href":"https:\/\/revistaesperanzas.com\/web\/wp-json\/wp\/v2\/posts\/141776\/revisions\/141780"}],"wp:featuredmedia":[{"embeddable":true,"href":"https:\/\/revistaesperanzas.com\/web\/wp-json\/wp\/v2\/media\/141777"}],"wp:attachment":[{"href":"https:\/\/revistaesperanzas.com\/web\/wp-json\/wp\/v2\/media?parent=141776"}],"wp:term":[{"taxonomy":"category","embeddable":true,"href":"https:\/\/revistaesperanzas.com\/web\/wp-json\/wp\/v2\/categories?post=141776"},{"taxonomy":"post_tag","embeddable":true,"href":"https:\/\/revistaesperanzas.com\/web\/wp-json\/wp\/v2\/tags?post=141776"}],"curies":[{"name":"wp","href":"https:\/\/api.w.org\/{rel}","templated":true}]}}