{"id":141788,"date":"2026-01-06T11:12:15","date_gmt":"2026-01-06T14:12:15","guid":{"rendered":"https:\/\/revistaesperanzas.com\/web\/?p=141788"},"modified":"2026-01-06T11:12:15","modified_gmt":"2026-01-06T14:12:15","slug":"un-policia-retirado-fue-baleado-durante-un-robo-en-tres-de-febrero-y-ahora-lucha-por-su-vida","status":"publish","type":"post","link":"https:\/\/revistaesperanzas.com\/web\/2026\/01\/un-policia-retirado-fue-baleado-durante-un-robo-en-tres-de-febrero-y-ahora-lucha-por-su-vida\/","title":{"rendered":"UN POLIC\u00cdA RETIRADO FUE BALEADO DURANTE UN ROBO EN TRES DE FEBRERO Y AHORA LUCHA POR SU VIDA"},"content":{"rendered":"<header class=\"article-header-wrapper\">\n<div class=\"article-header with-follow-button-ctn\">\n<p class=\"article-subheadline text_align_left\"><em><strong>Por: <a class=\"author-name\" href=\"https:\/\/www.infobae.com\/autor\/roc%C3%ADo-da-costa\/\" aria-label=\"Roc\u00edo da Costa\">Roc\u00edo da Costa\u00a0 \u00a0&#8211; \u00a0<\/a>El hombre permanece internado en terapia intensiva luego de recibir disparos en el abdomen, cuello y brazo. Ya hay dos sospechosos aprehendidos<\/strong><\/em><\/p>\n<div class=\"youtube-embed\" data-video_id=\"HYp90CGPlFY\"><iframe loading=\"lazy\" title=\"Un polic\u00eda retirado fue baleado y ahora lucha por su vida; durante un robo en Tres de Febrero\" width=\"696\" height=\"392\" src=\"https:\/\/www.youtube.com\/embed\/HYp90CGPlFY?feature=oembed&#038;enablejsapi=1\" frameborder=\"0\" allow=\"accelerometer; autoplay; clipboard-write; encrypted-media; gyroscope; picture-in-picture; web-share\" referrerpolicy=\"strict-origin-when-cross-origin\" allowfullscreen><\/iframe><\/div>\n<\/div>\n<\/header>\n<article class=\"article\">\n<div class=\"body-article \">\n<p class=\"paragraph\" data-mrf-recirculation=\"Links inline\">Un\u00a0<b>polic\u00eda retirado de la Bonaerense<\/b>\u00a0result\u00f3 gravemente herido cuando intent\u00f3 defenderse a los tiros de un robo en Caseros, partido de\u00a0<a title=\"https:\/\/www.infobae.com\/tag\/tres-de-febrero\/\" href=\"https:\/\/www.infobae.com\/tag\/tres-de-febrero\/\" target=\"_blank\" rel=\"noopener noreferrer\" data-mrf-link=\"https:\/\/www.infobae.com\/tag\/tres-de-febrero\/\"><b>Tres de Febrero<\/b><\/a>. Ahora, el hombre permanece en estado reservado en el<b>\u00a0hospital Carrillo<\/b>, mientras que la Polic\u00eda ya detuvo a dos sospechosos.<\/p>\n<p class=\"paragraph\" data-mrf-recirculation=\"Links inline\">Fuentes policiales consultadas por\u00a0<b>Infobae\u00a0<\/b>precisaron que el hecho ocurri\u00f3 este lunes, pasadas las 15.30, en la intersecci\u00f3n de las\u00a0<b>calles \u00c1ngel Pini y Tres de Febrero<\/b>, a metros de un comercio que vende productos de granja.<\/p>\n<div class=\"visual__image\"><picture><source srcset=\"https:\/\/www.infobae.com\/resizer\/v2\/7GSRKNCESVCSLORUWGYYOBH7PM.jpg?auth=39cff3478b0f2882489b1025e60ce3db68332601d3657a202838d0cb5943a0fc&amp;smart=true&amp;width=992&amp;height=558&amp;quality=85\" media=\"(min-width: 1000px)\" \/><source srcset=\"https:\/\/www.infobae.com\/resizer\/v2\/7GSRKNCESVCSLORUWGYYOBH7PM.jpg?auth=39cff3478b0f2882489b1025e60ce3db68332601d3657a202838d0cb5943a0fc&amp;smart=true&amp;width=768&amp;height=432&amp;quality=85\" media=\"(min-width: 768px)\" \/><source srcset=\"https:\/\/www.infobae.com\/resizer\/v2\/7GSRKNCESVCSLORUWGYYOBH7PM.jpg?auth=39cff3478b0f2882489b1025e60ce3db68332601d3657a202838d0cb5943a0fc&amp;smart=true&amp;width=577&amp;height=325&amp;quality=85\" media=\"(min-width: 580px)\" \/><source srcset=\"https:\/\/www.infobae.com\/resizer\/v2\/7GSRKNCESVCSLORUWGYYOBH7PM.jpg?auth=39cff3478b0f2882489b1025e60ce3db68332601d3657a202838d0cb5943a0fc&amp;smart=true&amp;width=420&amp;height=236&amp;quality=85\" media=\"(min-width: 350px)\" \/><source srcset=\"https:\/\/www.infobae.com\/resizer\/v2\/7GSRKNCESVCSLORUWGYYOBH7PM.jpg?auth=39cff3478b0f2882489b1025e60ce3db68332601d3657a202838d0cb5943a0fc&amp;smart=true&amp;width=350&amp;height=197&amp;quality=85\" media=\"(min-width: 80px)\" \/><img loading=\"lazy\" decoding=\"async\" class=\"global-image\" src=\"https:\/\/www.infobae.com\/resizer\/v2\/7GSRKNCESVCSLORUWGYYOBH7PM.jpg?auth=39cff3478b0f2882489b1025e60ce3db68332601d3657a202838d0cb5943a0fc&amp;smart=true&amp;width=350&amp;height=197&amp;quality=85\" alt=\"La v\u00edctima se encontraba dentro\" width=\"1920\" height=\"1080\" \/><\/picture>La v\u00edctima se encontraba dentro de su auto estacionado<\/div>\n<div class=\"inline ad-wrapper\">\n<div class=\"dfpAd ad-inline\"><\/div>\n<\/div>\n<p class=\"paragraph\" data-mrf-recirculation=\"Links inline\">La v\u00edctima se encontraba en el lugar, dentro de su veh\u00edculo, un\u00a0<b>Volkswagen T-Cross<\/b>, cuando fue abordado por dos delincuentes armados con intenciones de robo. Seg\u00fan la reconstrucci\u00f3n del hecho, el hombre se resisti\u00f3 al asalto y se origin\u00f3 un enfrentamiento armado en plena v\u00eda p\u00fablica.<\/p>\n<p class=\"paragraph\" data-mrf-recirculation=\"Links inline\">El video que encabeza esta nota muestra el momento en que los asaltantes se acercan caminando a la v\u00edctima, que cuando se vio rodeada tom\u00f3 su arma e intent\u00f3 defenderse del ataque.<\/p>\n<div class=\"inline_2_DSK ad-wrapper ad-desktop\">\n<div class=\"dfpAd ad-inline\">Tras el intercambio de disparos, los asaltantes huyeron a pie, mientras que el agente retirado result\u00f3 gravemente herido: recibi\u00f3<b>\u00a0disparos en el abdomen, cuello y uno de sus brazos<\/b>, y fue trasladado al hospital Carrillo, de Ciudadela, donde fue intervenido quir\u00fargicamente. Aunque ingres\u00f3 consciente al nosocomio, su estado es reservado.<\/div>\n<\/div>\n<p class=\"paragraph\" data-mrf-recirculation=\"Links inline\">\n<div class=\"visual__image\"><picture><source srcset=\"https:\/\/www.infobae.com\/resizer\/v2\/E7ZLLWCIAZAWNMGUHNGCL63VT4.jpeg?auth=170c2ce77b6dc76a7fdbf90caa1f4d72901901919913e8df01048f4762bc16d5&amp;smart=true&amp;width=992&amp;height=1764&amp;quality=85\" media=\"(min-width: 1000px)\" \/><source srcset=\"https:\/\/www.infobae.com\/resizer\/v2\/E7ZLLWCIAZAWNMGUHNGCL63VT4.jpeg?auth=170c2ce77b6dc76a7fdbf90caa1f4d72901901919913e8df01048f4762bc16d5&amp;smart=true&amp;width=768&amp;height=1366&amp;quality=85\" media=\"(min-width: 768px)\" \/><source srcset=\"https:\/\/www.infobae.com\/resizer\/v2\/E7ZLLWCIAZAWNMGUHNGCL63VT4.jpeg?auth=170c2ce77b6dc76a7fdbf90caa1f4d72901901919913e8df01048f4762bc16d5&amp;smart=true&amp;width=577&amp;height=1026&amp;quality=85\" media=\"(min-width: 580px)\" \/><source srcset=\"https:\/\/www.infobae.com\/resizer\/v2\/E7ZLLWCIAZAWNMGUHNGCL63VT4.jpeg?auth=170c2ce77b6dc76a7fdbf90caa1f4d72901901919913e8df01048f4762bc16d5&amp;smart=true&amp;width=420&amp;height=747&amp;quality=85\" media=\"(min-width: 350px)\" \/><source srcset=\"https:\/\/www.infobae.com\/resizer\/v2\/E7ZLLWCIAZAWNMGUHNGCL63VT4.jpeg?auth=170c2ce77b6dc76a7fdbf90caa1f4d72901901919913e8df01048f4762bc16d5&amp;smart=true&amp;width=350&amp;height=622&amp;quality=85\" media=\"(min-width: 80px)\" \/><img loading=\"lazy\" decoding=\"async\" class=\"global-image alignleft\" src=\"https:\/\/www.infobae.com\/resizer\/v2\/E7ZLLWCIAZAWNMGUHNGCL63VT4.jpeg?auth=170c2ce77b6dc76a7fdbf90caa1f4d72901901919913e8df01048f4762bc16d5&amp;smart=true&amp;width=350&amp;height=622&amp;quality=85\" alt=\"El joven detenido por balear\" width=\"501\" height=\"891\" \/><\/picture>El joven detenido por balear a un polic\u00eda retiado de la Bonaerense<\/div>\n<p class=\"paragraph\" data-mrf-recirculation=\"Links inline\">El caso qued\u00f3 en manos del\u00a0<b>fiscal Daniel Cangelosi<\/b>, de la<b>\u00a0UFI N\u00b0 3 del Departamento Judicial San Mart\u00edn<\/b>, que dispuso las primeras medidas. En ese sentido, efectivos de la Polic\u00eda de Seguridad y la Direcci\u00f3n Departamental de Investigaciones (DDI) desplegaron un\u00a0<b>operativo cerrojo<\/b>\u00a0en el barrio Derqui.<\/p>\n<p class=\"paragraph\" data-mrf-recirculation=\"Links inline\">Como resultado, en la calle<b>\u00a0Cerro Olivares 3600<\/b>\u00a0lograron la aprehensi\u00f3n de un joven identificado como\u00a0<b>N. A. M.<\/b>, de 18 a\u00f1os, quien fue registrado por c\u00e1maras de seguridad de la zona donde ocurri\u00f3 el hecho y sus caracter\u00edsticas f\u00edsicas coinciden con las de uno de los presuntos autores.<\/p>\n<p class=\"paragraph\" data-mrf-recirculation=\"Links inline\">M\u00e1s tarde, l<b>os investigadores lograron la aprehensi\u00f3n de un segundo sospechoso<\/b>. Ahora el fiscal Cangelosi trabaja en determinar el grado de participaci\u00f3n de cada uno en el hecho.<\/p>\n<h2 class=\"header headline-class-h2 headline\">Asesinaron a un polic\u00eda en San Mart\u00edn e hirieron a otros dos<\/h2>\n<p class=\"paragraph\" data-mrf-recirculation=\"Links inline\">Un operativo preventivo realizado durante la madrugada de este lunes culmin\u00f3 en un tiroteo fatal en el barrio\u00a0<b>El 18 de la localidad de Billinghurst<\/b>, en el partido de<b>\u00a0San Mart\u00edn<\/b>. Durante la intervenci\u00f3n, tres efectivos de la\u00a0<b>Unidad T\u00e1ctica de Operaciones Inmediatas (UTOI)<\/b>\u00a0de la Polic\u00eda Bonaerense resultaron heridos y uno de ellos muri\u00f3 poco despu\u00e9s en el hospital. Uno de los agresores tambi\u00e9n perdi\u00f3 la vida, mientras que otros tres sospechosos resultaron detenidos.<\/p>\n<p class=\"paragraph\" data-mrf-recirculation=\"Links inline\">De acuerdo con lo precisado por fuentes consultadas por<b>\u00a0Infobae<\/b>, el procedimiento se enmarc\u00f3 en el denominado<b>\u00a0Operativo Blindaje\u00a0<\/b>y comenz\u00f3 cerca de las 3 de la madrugada en la calle Sargento Cabral. Un m\u00f3vil de la UTOI realizaba tareas de identificaci\u00f3n, cuando dos individuos intentaron escapar hacia el interior del asentamiento, lo que origin\u00f3 una persecuci\u00f3n a pie. Los uniformados lograron aprehender a dos personas dentro de una vivienda, donde hallaron el chaleco antibalas.<\/p>\n<div class=\"visual__image\"><picture><source srcset=\"https:\/\/www.infobae.com\/resizer\/v2\/JABNQIHEBFHY7BLEC3PSEMUFSI.jpg?auth=a989f096a44e775743cbfd08ff8cf52cae2849faf002c12136a549c0d7935557&amp;smart=true&amp;width=992&amp;height=558&amp;quality=85\" media=\"(min-width: 1000px)\" \/><source srcset=\"https:\/\/www.infobae.com\/resizer\/v2\/JABNQIHEBFHY7BLEC3PSEMUFSI.jpg?auth=a989f096a44e775743cbfd08ff8cf52cae2849faf002c12136a549c0d7935557&amp;smart=true&amp;width=768&amp;height=432&amp;quality=85\" media=\"(min-width: 768px)\" \/><source srcset=\"https:\/\/www.infobae.com\/resizer\/v2\/JABNQIHEBFHY7BLEC3PSEMUFSI.jpg?auth=a989f096a44e775743cbfd08ff8cf52cae2849faf002c12136a549c0d7935557&amp;smart=true&amp;width=577&amp;height=325&amp;quality=85\" media=\"(min-width: 580px)\" \/><source srcset=\"https:\/\/www.infobae.com\/resizer\/v2\/JABNQIHEBFHY7BLEC3PSEMUFSI.jpg?auth=a989f096a44e775743cbfd08ff8cf52cae2849faf002c12136a549c0d7935557&amp;smart=true&amp;width=420&amp;height=236&amp;quality=85\" media=\"(min-width: 350px)\" \/><source srcset=\"https:\/\/www.infobae.com\/resizer\/v2\/JABNQIHEBFHY7BLEC3PSEMUFSI.jpg?auth=a989f096a44e775743cbfd08ff8cf52cae2849faf002c12136a549c0d7935557&amp;smart=true&amp;width=350&amp;height=197&amp;quality=85\" media=\"(min-width: 80px)\" \/><img loading=\"lazy\" decoding=\"async\" class=\"global-image alignleft\" src=\"https:\/\/www.infobae.com\/resizer\/v2\/JABNQIHEBFHY7BLEC3PSEMUFSI.jpg?auth=a989f096a44e775743cbfd08ff8cf52cae2849faf002c12136a549c0d7935557&amp;smart=true&amp;width=350&amp;height=197&amp;quality=85\" alt=\"Los tres sospechosos detenidos \" width=\"550\" height=\"310\" \/><\/picture>Los tres sospechosos detenidos<\/div>\n<p class=\"paragraph\" data-mrf-recirculation=\"Links inline\">En ese contexto, un tercer sospechoso abri\u00f3 fuego contra el personal policial, generando un intercambio de disparos que result\u00f3 en tres agentes heridos. Los efectivos fueron trasladados de urgencia a centros m\u00e9dicos de la zona; uno de ellos falleci\u00f3 por la gravedad de las heridas, mientras que los otros dos permanecen internados fuera de peligro y bajo observaci\u00f3n.<\/p>\n<p class=\"paragraph\" data-mrf-recirculation=\"Links inline\">La gravedad del hecho motiv\u00f3 la llegada de otras unidades policiales y del personal especializado en investigaciones de\u00a0<b>narcotr\u00e1fico<\/b>\u00a0para reforzar la seguridad y asistir a los lesionados, seg\u00fan datos recabados por<b>\u00a0Infobae<\/b>. Posteriormente, en la avenida Eva Per\u00f3n, fue hallado el cuerpo sin vida de uno de los agresores, un hombre mayor de edad que habr\u00eda muerto como consecuencia de las heridas sufridas durante el tiroteo. Al cierre de la informaci\u00f3n, el fallecido no hab\u00eda sido identificado.<\/p>\n<p class=\"paragraph\" data-mrf-recirculation=\"Links inline\">Otro sospechoso fue detenido cuando intentaba huir por los pasillos del barrio. As\u00ed, los arrestados fueron identificados como M. M. M. (41 a\u00f1os), D. N. M. (19) y R. P. M. (30). En el caso particular de D. N. M., los investigadores confirmaron que contaba con un pedido de averiguaci\u00f3n de paradero activo requerido por el Juzgado Nacional de Menores N\u00ba 5 departamental, en el marco de una causa iniciada el 24 de octubre.<\/p>\n<p class=\"paragraph\" data-mrf-recirculation=\"Links inline\">En el lugar, los peritos secuestraron el arma de fuego mencionada y los envoltorios con sustancia compatible con clorhidrato de coca\u00edna, sumado al armamento reglamentario del personal policial, cumpliendo con los protocolos vigentes para este tipo de intervenciones. La investigaci\u00f3n qued\u00f3 a cargo del fiscal Daniel Cangelosi, de la UFI N\u00b0 3 del Departamento Judicial San Mart\u00edn, quien dispuso la intervenci\u00f3n de peritos de la Gendarmer\u00eda Nacional Argentina (GNA) y el relevamiento de c\u00e1maras de seguridad del \u00e1rea con el objetivo de reconstruir la secuencia del tiroteo. La causa fue caratulada como\u00a0<b>homicidio agravado por el uso de arma de fuego y por tratarse de un miembro de las fuerzas de seguridad<\/b>, en concurso con tenencia de estupefacientes con fines de comercializaci\u00f3n.<\/p>\n<p data-mrf-recirculation=\"Links inline\">www.infobae.com<\/p>\n<\/div>\n<\/article>\n","protected":false},"excerpt":{"rendered":"<p>Por: Roc\u00edo da Costa\u00a0 \u00a0&#8211; \u00a0El hombre permanece internado en terapia intensiva luego de recibir disparos en el abdomen, cuello y brazo. Ya hay dos sospechosos aprehendidos Un\u00a0polic\u00eda retirado de la Bonaerense\u00a0result\u00f3 gravemente herido cuando intent\u00f3 defenderse a los tiros de un robo en Caseros, partido de\u00a0Tres de Febrero. Ahora, el hombre permanece en estado [&hellip;]<\/p>\n","protected":false},"author":4,"featured_media":141789,"comment_status":"closed","ping_status":"closed","sticky":false,"template":"","format":"standard","meta":{"footnotes":""},"categories":[4],"tags":[],"class_list":{"0":"post-141788","1":"post","2":"type-post","3":"status-publish","4":"format-standard","5":"has-post-thumbnail","7":"category-nacionales"},"_links":{"self":[{"href":"https:\/\/revistaesperanzas.com\/web\/wp-json\/wp\/v2\/posts\/141788","targetHints":{"allow":["GET"]}}],"collection":[{"href":"https:\/\/revistaesperanzas.com\/web\/wp-json\/wp\/v2\/posts"}],"about":[{"href":"https:\/\/revistaesperanzas.com\/web\/wp-json\/wp\/v2\/types\/post"}],"author":[{"embeddable":true,"href":"https:\/\/revistaesperanzas.com\/web\/wp-json\/wp\/v2\/users\/4"}],"replies":[{"embeddable":true,"href":"https:\/\/revistaesperanzas.com\/web\/wp-json\/wp\/v2\/comments?post=141788"}],"version-history":[{"count":1,"href":"https:\/\/revistaesperanzas.com\/web\/wp-json\/wp\/v2\/posts\/141788\/revisions"}],"predecessor-version":[{"id":141790,"href":"https:\/\/revistaesperanzas.com\/web\/wp-json\/wp\/v2\/posts\/141788\/revisions\/141790"}],"wp:featuredmedia":[{"embeddable":true,"href":"https:\/\/revistaesperanzas.com\/web\/wp-json\/wp\/v2\/media\/141789"}],"wp:attachment":[{"href":"https:\/\/revistaesperanzas.com\/web\/wp-json\/wp\/v2\/media?parent=141788"}],"wp:term":[{"taxonomy":"category","embeddable":true,"href":"https:\/\/revistaesperanzas.com\/web\/wp-json\/wp\/v2\/categories?post=141788"},{"taxonomy":"post_tag","embeddable":true,"href":"https:\/\/revistaesperanzas.com\/web\/wp-json\/wp\/v2\/tags?post=141788"}],"curies":[{"name":"wp","href":"https:\/\/api.w.org\/{rel}","templated":true}]}}