{"id":141799,"date":"2026-01-06T19:19:32","date_gmt":"2026-01-06T22:19:32","guid":{"rendered":"https:\/\/revistaesperanzas.com\/web\/?p=141799"},"modified":"2026-01-06T19:19:33","modified_gmt":"2026-01-06T22:19:33","slug":"fuerte-dispositivo-integral-de-seguridad-y-control-policial","status":"publish","type":"post","link":"https:\/\/revistaesperanzas.com\/web\/2026\/01\/fuerte-dispositivo-integral-de-seguridad-y-control-policial\/","title":{"rendered":"FUERTE DISPOSITIVO INTEGRAL DE SEGURIDAD Y CONTROL POLICIAL"},"content":{"rendered":"<p>MOCORET\u00c1 \u2013 JUAN PUJOL \u2013 MONTE CASEROS\u00a0 &#8211;\u00a0 La Polic\u00eda implement\u00f3 un fuerte dispositivo integral de seguridad y contralor en la regi\u00f3n<\/p>\n<p><iframe loading=\"lazy\" title=\"WhatsApp Video 2026 01 06 at 07 27 44\" width=\"696\" height=\"392\" src=\"https:\/\/www.youtube.com\/embed\/ScPGU0RmB5g?feature=oembed\" frameborder=\"0\" allow=\"accelerometer; autoplay; clipboard-write; encrypted-media; gyroscope; picture-in-picture; web-share\" referrerpolicy=\"strict-origin-when-cross-origin\" allowfullscreen><\/iframe><\/p>\n<p>En horas de la tarde de ayer 05-01-26, la Polic\u00eda de Corrientes puso en marcha un plan integral de seguridad y prevenci\u00f3n que comprende la ciudad de Mocoret\u00e1 y las localidades vecinas de Juan Pujol y Monte Caseros, con el objetivo de reforzar la presencia policial, prevenir delitos y garantizar el orden p\u00fablico en la regi\u00f3n.<\/p>\n<p><iframe loading=\"lazy\" title=\"WhatsApp Video 2026 01 06 at 07 27 45\" width=\"696\" height=\"392\" src=\"https:\/\/www.youtube.com\/embed\/viijyV5SmtI?feature=oembed\" frameborder=\"0\" allow=\"accelerometer; autoplay; clipboard-write; encrypted-media; gyroscope; picture-in-picture; web-share\" referrerpolicy=\"strict-origin-when-cross-origin\" allowfullscreen><\/iframe><\/p>\n<p>El dispositivo es llevado adelante de manera conjunta y coordinada por personal de las Comisar\u00edas Primera y Segunda de Mocoret\u00e1, el Grupo de Tareas Operativas (G.T.O.) de San Francisco y de Paso de los Libres, Seguridad Vial, P.R.I.A.R. de Mocoret\u00e1, y efectivos policiales de la jurisdicci\u00f3n de Monte Caseros, entre otras \u00e1reas operativas.<a href=\"https:\/\/revistaesperanzas.com\/web\/2026\/01\/fuerte-dispositivo-integral-de-seguridad-y-control-policial\/whatsapp-image-2026-01-06-at-07-27-43-2\/\" rel=\"attachment wp-att-141801\"><img loading=\"lazy\" decoding=\"async\" class=\"alignnone  wp-image-141801\" src=\"https:\/\/revistaesperanzas.com\/web\/wp-content\/uploads\/2026\/01\/WhatsApp-Image-2026-01-06-at-07.27.43-2.jpeg\" alt=\"\" width=\"694\" height=\"486\" srcset=\"https:\/\/revistaesperanzas.com\/web\/wp-content\/uploads\/2026\/01\/WhatsApp-Image-2026-01-06-at-07.27.43-2.jpeg 600w, https:\/\/revistaesperanzas.com\/web\/wp-content\/uploads\/2026\/01\/WhatsApp-Image-2026-01-06-at-07.27.43-2-100x70.jpeg 100w\" sizes=\"auto, (max-width: 694px) 100vw, 694px\" \/><\/a><\/p>\n<p>Los operativos se desarrollan desde la noche de hoy y continuar\u00e1n durante los d\u00edas venideros, abarcando rutas provinciales y nacionales, accesos a localidades, caminos rurales y sectores estrat\u00e9gicos, con controles vehiculares, identificaci\u00f3n de personas y patrullajes preventivos.<a href=\"https:\/\/revistaesperanzas.com\/web\/2026\/01\/fuerte-dispositivo-integral-de-seguridad-y-control-policial\/whatsapp-image-2026-01-06-at-07-27-43\/\" rel=\"attachment wp-att-141802\"><img loading=\"lazy\" decoding=\"async\" class=\"alignnone  wp-image-141802\" src=\"https:\/\/revistaesperanzas.com\/web\/wp-content\/uploads\/2026\/01\/WhatsApp-Image-2026-01-06-at-07.27.43.jpeg\" alt=\"\" width=\"714\" height=\"500\" srcset=\"https:\/\/revistaesperanzas.com\/web\/wp-content\/uploads\/2026\/01\/WhatsApp-Image-2026-01-06-at-07.27.43.jpeg 600w, https:\/\/revistaesperanzas.com\/web\/wp-content\/uploads\/2026\/01\/WhatsApp-Image-2026-01-06-at-07.27.43-100x70.jpeg 100w\" sizes=\"auto, (max-width: 714px) 100vw, 714px\" \/><\/a><\/p>\n<p>Este plan contempla una marcada presencia policial en la v\u00eda p\u00fablica, con despliegue de m\u00f3viles, puestos de control fijos y m\u00f3viles, y tareas de prevenci\u00f3n orientadas a desalentar conductas il\u00edcitas, fortalecer la seguridad vial y brindar mayor tranquilidad a vecinos y transe\u00fantes.<\/p>\n","protected":false},"excerpt":{"rendered":"<p>MOCORET\u00c1 \u2013 JUAN PUJOL \u2013 MONTE CASEROS\u00a0 &#8211;\u00a0 La Polic\u00eda implement\u00f3 un fuerte dispositivo integral de seguridad y contralor en la regi\u00f3n En horas de la tarde de ayer 05-01-26, la Polic\u00eda de Corrientes puso en marcha un plan integral de seguridad y prevenci\u00f3n que comprende la ciudad de Mocoret\u00e1 y las localidades vecinas de [&hellip;]<\/p>\n","protected":false},"author":4,"featured_media":141800,"comment_status":"closed","ping_status":"closed","sticky":false,"template":"","format":"standard","meta":{"footnotes":""},"categories":[58],"tags":[],"class_list":{"0":"post-141799","1":"post","2":"type-post","3":"status-publish","4":"format-standard","5":"has-post-thumbnail","7":"category-corrientes"},"_links":{"self":[{"href":"https:\/\/revistaesperanzas.com\/web\/wp-json\/wp\/v2\/posts\/141799","targetHints":{"allow":["GET"]}}],"collection":[{"href":"https:\/\/revistaesperanzas.com\/web\/wp-json\/wp\/v2\/posts"}],"about":[{"href":"https:\/\/revistaesperanzas.com\/web\/wp-json\/wp\/v2\/types\/post"}],"author":[{"embeddable":true,"href":"https:\/\/revistaesperanzas.com\/web\/wp-json\/wp\/v2\/users\/4"}],"replies":[{"embeddable":true,"href":"https:\/\/revistaesperanzas.com\/web\/wp-json\/wp\/v2\/comments?post=141799"}],"version-history":[{"count":2,"href":"https:\/\/revistaesperanzas.com\/web\/wp-json\/wp\/v2\/posts\/141799\/revisions"}],"predecessor-version":[{"id":141804,"href":"https:\/\/revistaesperanzas.com\/web\/wp-json\/wp\/v2\/posts\/141799\/revisions\/141804"}],"wp:featuredmedia":[{"embeddable":true,"href":"https:\/\/revistaesperanzas.com\/web\/wp-json\/wp\/v2\/media\/141800"}],"wp:attachment":[{"href":"https:\/\/revistaesperanzas.com\/web\/wp-json\/wp\/v2\/media?parent=141799"}],"wp:term":[{"taxonomy":"category","embeddable":true,"href":"https:\/\/revistaesperanzas.com\/web\/wp-json\/wp\/v2\/categories?post=141799"},{"taxonomy":"post_tag","embeddable":true,"href":"https:\/\/revistaesperanzas.com\/web\/wp-json\/wp\/v2\/tags?post=141799"}],"curies":[{"name":"wp","href":"https:\/\/api.w.org\/{rel}","templated":true}]}}