{"id":141814,"date":"2026-01-06T19:42:10","date_gmt":"2026-01-06T22:42:10","guid":{"rendered":"https:\/\/revistaesperanzas.com\/web\/?p=141814"},"modified":"2026-01-06T19:42:10","modified_gmt":"2026-01-06T22:42:10","slug":"direccion-de-fortalecimiento-familiar-arranca-nuevos-talleres-de-verano-para-chicos","status":"publish","type":"post","link":"https:\/\/revistaesperanzas.com\/web\/2026\/01\/direccion-de-fortalecimiento-familiar-arranca-nuevos-talleres-de-verano-para-chicos\/","title":{"rendered":"DIRECCI\u00d3N DE FORTALECIMIENTO FAMILIAR  ARRANCA NUEVOS TALLERES DE VERANO PARA CHICOS"},"content":{"rendered":"<p style=\"font-weight: 400;\">Sumate a los talleres de verano:<\/p>\n<p style=\"font-weight: 400;\">La Municipalidad de Goya avanza en la Escuela de Verano 2026, un programa de actividades gratuitas que comenz\u00f3 este lunes 5 de enero y ofrece m\u00e1s de 15 talleres y propuestas recreativas y deportivas destinados a ni\u00f1os y adolescentes en distintos barrios de la ciudad y en el Parque Acu\u00e1tico.<\/p>\n<p style=\"font-weight: 400;\">Este lunes dio inicio el Programa Municipal &#8220;Talleres de Verano\u201d un espacio para que los chicos puedan realizar actividades l\u00fadicas durante el receso escolar.<\/p>\n<p style=\"font-weight: 400;\">Uno de ellos es Talleres de Verano, un programa desarrollado por la Direcci\u00f3n de Fortalecimiento Familiar y este martes su titular, Sylvina Ram\u00edrez, explic\u00f3 que esta propuesta viene acompa\u00f1ada desde hace varios a\u00f1os por la Secretar\u00eda de Educaci\u00f3n para poder tener la oportunidad de brindar a los padres y sus ni\u00f1os actividades para que puedan asistir a los distintos talleres que se brindan desde la municipalidad\u201d.<\/p>\n<p style=\"font-weight: 400;\">En este sentido se han dise\u00f1ado dos actividades una de ellas llamada<\/p>\n<p style=\"font-weight: 400;\">&#8220;MI PRIMER LIBRO&#8221; es un taller para ni\u00f1os desde los 12 a 16 a\u00f1os.<a href=\"https:\/\/revistaesperanzas.com\/web\/2026\/01\/direccion-de-fortalecimiento-familiar-arranca-nuevos-talleres-de-verano-para-chicos\/sumate-a-los-talleres-de-verano1\/\" rel=\"attachment wp-att-141816\"><img loading=\"lazy\" decoding=\"async\" class=\" wp-image-141816 alignright\" src=\"https:\/\/revistaesperanzas.com\/web\/wp-content\/uploads\/2026\/01\/sumate-a-los-talleres-de-verano1.jpg\" alt=\"\" width=\"400\" height=\"500\" srcset=\"https:\/\/revistaesperanzas.com\/web\/wp-content\/uploads\/2026\/01\/sumate-a-los-talleres-de-verano1.jpg 600w, https:\/\/revistaesperanzas.com\/web\/wp-content\/uploads\/2026\/01\/sumate-a-los-talleres-de-verano1-336x420.jpg 336w\" sizes=\"auto, (max-width: 400px) 100vw, 400px\" \/><\/a><\/p>\n<p style=\"font-weight: 400;\">Consultada por la tem\u00e1tica, Ramirez dijo que el taller est\u00e1 \u201cenfocado en trabajar aspectos de la parte familiar\u201d.\u00a0 Ellos van a crear un libro basado en las experiencias vividas dentro del hogar, los recuerdos, aquellas cosas que marcaron su vida en este tiempo de adolescencia. Se va a trabajar con una psic\u00f3loga esa parte emocional, as\u00ed que esta va a ser una propuesta interesante ya que sabemos que hay un p\u00fablico que tambi\u00e9n trabaja sobre historietas, escritura y dibujo\u201d explic\u00f3.<\/p>\n<p style=\"font-weight: 400;\">La funcionaria adelant\u00f3 \u2013adem\u00e1s- que la primera semana de febrero se va a realizar una jornada donde se expondr\u00e1n los dibujos, libros o actividades hechas.<\/p>\n<p style=\"font-weight: 400;\">Hoy martes y todos los martes se va a llevar a cabo esta actividad en la Sede Barrio 9 de Julio, Formosa y Pago Largo en horario de 17:30 a 18:30.<\/p>\n<p style=\"font-weight: 400;\">&#8220;AJEDREZ EN VACACIONES&#8221;<a href=\"https:\/\/revistaesperanzas.com\/web\/2026\/01\/direccion-de-fortalecimiento-familiar-arranca-nuevos-talleres-de-verano-para-chicos\/sumate-a-los-talleres-de-verano2\/\" rel=\"attachment wp-att-141817\"><img loading=\"lazy\" decoding=\"async\" class=\" wp-image-141817 alignleft\" src=\"https:\/\/revistaesperanzas.com\/web\/wp-content\/uploads\/2026\/01\/sumate-a-los-talleres-de-verano2.jpg\" alt=\"\" width=\"400\" height=\"500\" srcset=\"https:\/\/revistaesperanzas.com\/web\/wp-content\/uploads\/2026\/01\/sumate-a-los-talleres-de-verano2.jpg 600w, https:\/\/revistaesperanzas.com\/web\/wp-content\/uploads\/2026\/01\/sumate-a-los-talleres-de-verano2-336x420.jpg 336w\" sizes=\"auto, (max-width: 400px) 100vw, 400px\" \/><\/a><\/p>\n<p style=\"font-weight: 400;\">En el marco del programa Talleres de Verano otra de las actividades planteadas es promover encuentros de Ajedrez, propuesta pedag\u00f3gica y recreativa que en Goya cuenta con much\u00edsimos adeptos al \u201cJuego Ciencia\u201d.<\/p>\n<p style=\"font-weight: 400;\">Tiene como objetivo promover el pensamiento estrat\u00e9gico, el trabajo en equipo y la integraci\u00f3n a trav\u00e9s del ajedrez.<\/p>\n<p style=\"font-weight: 400;\">Esta propuesta fortalece los v\u00ednculos entre individuos entusiasmados por estas experiencias, algunos inclusive contin\u00faan su formaci\u00f3n en espacios de ajedrez, impulsando el crecimiento del deporte. En este sentido todos los s\u00e1bados en la Casa de la Cultura hay un espacio de ajedrez para quienes quieran continuar con esta pr\u00e1ctica.<\/p>\n<p style=\"font-weight: 400;\">\u201cEl ajedrez beneficia mucho a cualquier persona, me parece algo importante porque ofrece beneficios cognitivos, de memoria, de concentraci\u00f3n, de resoluci\u00f3n de problemas, de razonamiento l\u00f3gico, resiliencia, tambi\u00e9n trabaja mucho la paciencia y autocontrol\u201d describi\u00f3 la funcionaria.<\/p>\n<p style=\"font-weight: 400;\">Este Taller est\u00e1 dividido en dos grupos: de 8 a 12 a\u00f1os y 13 a 16 a\u00f1os. Lugar: Sede Barrio Matadero, calle Empedrado y Mart\u00edn Fierro los d\u00edas jueves de 17:30 a 18:30 horas.<\/p>\n<p style=\"font-weight: 400;\">Los interesados pueden escribir para m\u00e1s Info al WhatsApp 3777-821014 o acudir a la sede de los citados barrios en esos horarios.<\/p>\n<p style=\"font-weight: 400;\">Cabe se\u00f1alar que estas actividades son complementos en el marco de la Escuela de Verano instrumentado por la Secretar\u00eda de Educaci\u00f3n y que se llevan a cabo en el Parque Acu\u00e1tico.<\/p>\n<p style=\"font-weight: 400;\">\u201cOjal\u00e1 que las familias puedan aprovechar estas propuestas que brinda el municipio, que es gratuita en los diferentes espacios, as\u00ed que los esperamos a todos\u201d cerr\u00f3.<\/p>\n","protected":false},"excerpt":{"rendered":"<p>Sumate a los talleres de verano: La Municipalidad de Goya avanza en la Escuela de Verano 2026, un programa de actividades gratuitas que comenz\u00f3 este lunes 5 de enero y ofrece m\u00e1s de 15 talleres y propuestas recreativas y deportivas destinados a ni\u00f1os y adolescentes en distintos barrios de la ciudad y en el Parque [&hellip;]<\/p>\n","protected":false},"author":4,"featured_media":141815,"comment_status":"closed","ping_status":"closed","sticky":false,"template":"","format":"standard","meta":{"footnotes":""},"categories":[45],"tags":[],"class_list":{"0":"post-141814","1":"post","2":"type-post","3":"status-publish","4":"format-standard","5":"has-post-thumbnail","7":"category-locales"},"_links":{"self":[{"href":"https:\/\/revistaesperanzas.com\/web\/wp-json\/wp\/v2\/posts\/141814","targetHints":{"allow":["GET"]}}],"collection":[{"href":"https:\/\/revistaesperanzas.com\/web\/wp-json\/wp\/v2\/posts"}],"about":[{"href":"https:\/\/revistaesperanzas.com\/web\/wp-json\/wp\/v2\/types\/post"}],"author":[{"embeddable":true,"href":"https:\/\/revistaesperanzas.com\/web\/wp-json\/wp\/v2\/users\/4"}],"replies":[{"embeddable":true,"href":"https:\/\/revistaesperanzas.com\/web\/wp-json\/wp\/v2\/comments?post=141814"}],"version-history":[{"count":2,"href":"https:\/\/revistaesperanzas.com\/web\/wp-json\/wp\/v2\/posts\/141814\/revisions"}],"predecessor-version":[{"id":141819,"href":"https:\/\/revistaesperanzas.com\/web\/wp-json\/wp\/v2\/posts\/141814\/revisions\/141819"}],"wp:featuredmedia":[{"embeddable":true,"href":"https:\/\/revistaesperanzas.com\/web\/wp-json\/wp\/v2\/media\/141815"}],"wp:attachment":[{"href":"https:\/\/revistaesperanzas.com\/web\/wp-json\/wp\/v2\/media?parent=141814"}],"wp:term":[{"taxonomy":"category","embeddable":true,"href":"https:\/\/revistaesperanzas.com\/web\/wp-json\/wp\/v2\/categories?post=141814"},{"taxonomy":"post_tag","embeddable":true,"href":"https:\/\/revistaesperanzas.com\/web\/wp-json\/wp\/v2\/tags?post=141814"}],"curies":[{"name":"wp","href":"https:\/\/api.w.org\/{rel}","templated":true}]}}