{"id":141831,"date":"2026-01-06T19:54:18","date_gmt":"2026-01-06T22:54:18","guid":{"rendered":"https:\/\/revistaesperanzas.com\/web\/?p=141831"},"modified":"2026-01-06T19:54:18","modified_gmt":"2026-01-06T22:54:18","slug":"bailanta-chamamecera-en-el-inga","status":"publish","type":"post","link":"https:\/\/revistaesperanzas.com\/web\/2026\/01\/bailanta-chamamecera-en-el-inga\/","title":{"rendered":"BAILANTA CHAMAMECERA EN EL INGA"},"content":{"rendered":"<p style=\"font-weight: 400;\">Al estilo de la bailanta \u201cTaco y Suela\u201d, el s\u00e1bado 10 desde las 21 horas, el escenario para el desarrollo de esta propuesta de la Municipalidad de Goya, a trav\u00e9s de la Secretar\u00eda de Turismo y la Direcci\u00f3n de Cultura, ser\u00e1 en el paseo costero \u201cCostanera Norte\u201d, playa El Inga, con entrada libre y gratuita. La \u00fanica recomendaci\u00f3n es llevar silleta y muchas ganas de bailar.<\/p>\n<p style=\"font-weight: 400;\">La bailanta se realiza en adhesi\u00f3n a la Fiesta Nacional del Chamam\u00e9; que como viene ocurriendo los \u00faltimos a\u00f1os, lleva adelante espect\u00e1culos itinerantes. En este caso, del escenario \u201cOsvaldo Sosa Cordero\u201d del anfiteatro Mario del Tr\u00e1nsito Cocomarola, al escenario de playa El Inga.<\/p>\n<p style=\"font-weight: 400;\">Los artistas convocados exhibir\u00e1n sus cualidades y talentos art\u00edsticos, por su parte el p\u00fablico tendr\u00e1 la oportunidad de mostrar sus condiciones y capacidades para la \u201cbailanta\u201d.<\/p>\n<p style=\"font-weight: 400;\">En esta oportunidad, se prev\u00e9 la presentaci\u00f3n del Ballet \u201cNuevo Amanecer\u201d; La Escuela Municipal de Danzas Nativas \u201cEl Trovador\u201d; \u201cLos Pr\u00edncipes\u201d de Misiones; D\u00fao Chamamecero Municipal; \u201cLos Carai del Chamam\u00e9\u201d y Paola Bel\u00e9n \u201cLa Gauchita Cumbiera\u201d.<\/p>\n<p style=\"font-weight: 400;\">Con el \u00e9xito de las convocatorias anteriores, y del espacio art\u00edstico cultural de la Bailanta \u201cTaco y Suelo\u201d, se espera una gran participaci\u00f3n para este programa el s\u00e1bado 10 de enero, desde las 21 horas en la Costanera Norte.<\/p>\n<p style=\"font-weight: 400;\">Una oportunidad m\u00e1s para reafirmar el sentimiento de identidad a partir de nuestra m\u00fasica y baile.<\/p>\n","protected":false},"excerpt":{"rendered":"<p>Al estilo de la bailanta \u201cTaco y Suela\u201d, el s\u00e1bado 10 desde las 21 horas, el escenario para el desarrollo de esta propuesta de la Municipalidad de Goya, a trav\u00e9s de la Secretar\u00eda de Turismo y la Direcci\u00f3n de Cultura, ser\u00e1 en el paseo costero \u201cCostanera Norte\u201d, playa El Inga, con entrada libre y gratuita. [&hellip;]<\/p>\n","protected":false},"author":4,"featured_media":141832,"comment_status":"closed","ping_status":"closed","sticky":false,"template":"","format":"standard","meta":{"footnotes":""},"categories":[45],"tags":[],"class_list":{"0":"post-141831","1":"post","2":"type-post","3":"status-publish","4":"format-standard","5":"has-post-thumbnail","7":"category-locales"},"_links":{"self":[{"href":"https:\/\/revistaesperanzas.com\/web\/wp-json\/wp\/v2\/posts\/141831","targetHints":{"allow":["GET"]}}],"collection":[{"href":"https:\/\/revistaesperanzas.com\/web\/wp-json\/wp\/v2\/posts"}],"about":[{"href":"https:\/\/revistaesperanzas.com\/web\/wp-json\/wp\/v2\/types\/post"}],"author":[{"embeddable":true,"href":"https:\/\/revistaesperanzas.com\/web\/wp-json\/wp\/v2\/users\/4"}],"replies":[{"embeddable":true,"href":"https:\/\/revistaesperanzas.com\/web\/wp-json\/wp\/v2\/comments?post=141831"}],"version-history":[{"count":1,"href":"https:\/\/revistaesperanzas.com\/web\/wp-json\/wp\/v2\/posts\/141831\/revisions"}],"predecessor-version":[{"id":141833,"href":"https:\/\/revistaesperanzas.com\/web\/wp-json\/wp\/v2\/posts\/141831\/revisions\/141833"}],"wp:featuredmedia":[{"embeddable":true,"href":"https:\/\/revistaesperanzas.com\/web\/wp-json\/wp\/v2\/media\/141832"}],"wp:attachment":[{"href":"https:\/\/revistaesperanzas.com\/web\/wp-json\/wp\/v2\/media?parent=141831"}],"wp:term":[{"taxonomy":"category","embeddable":true,"href":"https:\/\/revistaesperanzas.com\/web\/wp-json\/wp\/v2\/categories?post=141831"},{"taxonomy":"post_tag","embeddable":true,"href":"https:\/\/revistaesperanzas.com\/web\/wp-json\/wp\/v2\/tags?post=141831"}],"curies":[{"name":"wp","href":"https:\/\/api.w.org\/{rel}","templated":true}]}}