{"id":141837,"date":"2026-01-06T20:00:55","date_gmt":"2026-01-06T23:00:55","guid":{"rendered":"https:\/\/revistaesperanzas.com\/web\/?p=141837"},"modified":"2026-01-06T20:00:55","modified_gmt":"2026-01-06T23:00:55","slug":"goya-rindio-culto-a-la-devocion-popular-de-san-baltasar","status":"publish","type":"post","link":"https:\/\/revistaesperanzas.com\/web\/2026\/01\/goya-rindio-culto-a-la-devocion-popular-de-san-baltasar\/","title":{"rendered":"GOYA RINDI\u00d3 CULTO A LA DEVOCI\u00d3N POPULAR DE SAN BALTASAR"},"content":{"rendered":"<p style=\"font-weight: 400;\">La familia Piriz, depositaria de este legado a partir de una antiqu\u00edsima imagen del Rey Camb\u00e1, Rey Negro Baltasar, todos los a\u00f1os en v\u00edsperas al 6 de enero, fecha de la celebraci\u00f3n de la Epifan\u00eda (manifestaci\u00f3n) del Se\u00f1or, renov\u00f3 la fe y el compromiso de difundir a las nuevas generaciones esta veneraci\u00f3n.<a href=\"https:\/\/revistaesperanzas.com\/web\/2026\/01\/goya-rindio-culto-a-la-devocion-popular-de-san-baltasar\/culto-a-san-baltsar-familia-piriz-12\/\" rel=\"attachment wp-att-141839\"><img loading=\"lazy\" decoding=\"async\" class=\" wp-image-141839 alignleft\" src=\"https:\/\/revistaesperanzas.com\/web\/wp-content\/uploads\/2026\/01\/culto-a-San-Baltsar-Familia-Piriz-12.jpg\" alt=\"\" width=\"500\" height=\"375\" srcset=\"https:\/\/revistaesperanzas.com\/web\/wp-content\/uploads\/2026\/01\/culto-a-San-Baltsar-Familia-Piriz-12.jpg 600w, https:\/\/revistaesperanzas.com\/web\/wp-content\/uploads\/2026\/01\/culto-a-San-Baltsar-Familia-Piriz-12-560x420.jpg 560w, https:\/\/revistaesperanzas.com\/web\/wp-content\/uploads\/2026\/01\/culto-a-San-Baltsar-Familia-Piriz-12-80x60.jpg 80w, https:\/\/revistaesperanzas.com\/web\/wp-content\/uploads\/2026\/01\/culto-a-San-Baltsar-Familia-Piriz-12-265x198.jpg 265w\" sizes=\"auto, (max-width: 500px) 100vw, 500px\" \/><\/a><\/p>\n<p style=\"font-weight: 400;\">Epifan\u00eda o revelaci\u00f3n porque recuerda la manifestaci\u00f3n del Salvador, el Mes\u00edas esperado, que se revela a todos los pueblos de la humanidad representados en los sabios de Oriente.<\/p>\n<p style=\"font-weight: 400;\">Este culto de exaltaci\u00f3n de la figura de San Baltasar, si bien inici\u00f3 como una devoci\u00f3n familiar, desde el a\u00f1o 1950, cuando do\u00f1a Polonia Oviedo de Piriz recibi\u00f3 esta antiqu\u00edsima imagen de manos de los herederos de Alberto Morales, en la actualidad hallan continuidad estos festejos, abierto a la comunidad.<a href=\"https:\/\/revistaesperanzas.com\/web\/2026\/01\/goya-rindio-culto-a-la-devocion-popular-de-san-baltasar\/culto-a-san-baltsar-familia-piriz-9\/\" rel=\"attachment wp-att-141840\"><img loading=\"lazy\" decoding=\"async\" class=\" wp-image-141840 alignright\" src=\"https:\/\/revistaesperanzas.com\/web\/wp-content\/uploads\/2026\/01\/culto-a-San-Baltsar-Familia-Piriz-9.jpg\" alt=\"\" width=\"500\" height=\"375\" srcset=\"https:\/\/revistaesperanzas.com\/web\/wp-content\/uploads\/2026\/01\/culto-a-San-Baltsar-Familia-Piriz-9.jpg 600w, https:\/\/revistaesperanzas.com\/web\/wp-content\/uploads\/2026\/01\/culto-a-San-Baltsar-Familia-Piriz-9-560x420.jpg 560w, https:\/\/revistaesperanzas.com\/web\/wp-content\/uploads\/2026\/01\/culto-a-San-Baltsar-Familia-Piriz-9-80x60.jpg 80w, https:\/\/revistaesperanzas.com\/web\/wp-content\/uploads\/2026\/01\/culto-a-San-Baltsar-Familia-Piriz-9-265x198.jpg 265w\" sizes=\"auto, (max-width: 500px) 100vw, 500px\" \/><\/a><\/p>\n<p style=\"font-weight: 400;\">Desde el a\u00f1o 2006, con el prop\u00f3sito de revalorizar la celebraci\u00f3n como un espacio cultural, religioso y de identidad, la Municipalidad de Goya desde la Direcci\u00f3n de Cultura promovi\u00f3 el festejo de manera comunitaria. As\u00ed, la calle 9 de Julio, frente al domicilio de la familia anfitriona, se transform\u00f3 en escenario de la fiesta popular.<\/p>\n<p style=\"font-weight: 400;\">La tradici\u00f3n fue revitalizada en los \u00faltimos a\u00f1os con un revalorizado acompa\u00f1amiento del municipio que colabora con la presentaci\u00f3n de grupos musicales y el aporte del Ballet Oficial Ana Mar\u00eda Traini y la Escuela de Danzas Nativas \u201cEl Trovador\u201d.<a href=\"https:\/\/revistaesperanzas.com\/web\/2026\/01\/goya-rindio-culto-a-la-devocion-popular-de-san-baltasar\/culto-a-san-baltsar-familia-piriz-10\/\" rel=\"attachment wp-att-141841\"><img loading=\"lazy\" decoding=\"async\" class=\" wp-image-141841 alignleft\" src=\"https:\/\/revistaesperanzas.com\/web\/wp-content\/uploads\/2026\/01\/culto-a-San-Baltsar-Familia-Piriz-10.jpg\" alt=\"\" width=\"503\" height=\"377\" srcset=\"https:\/\/revistaesperanzas.com\/web\/wp-content\/uploads\/2026\/01\/culto-a-San-Baltsar-Familia-Piriz-10.jpg 600w, https:\/\/revistaesperanzas.com\/web\/wp-content\/uploads\/2026\/01\/culto-a-San-Baltsar-Familia-Piriz-10-560x420.jpg 560w, https:\/\/revistaesperanzas.com\/web\/wp-content\/uploads\/2026\/01\/culto-a-San-Baltsar-Familia-Piriz-10-80x60.jpg 80w, https:\/\/revistaesperanzas.com\/web\/wp-content\/uploads\/2026\/01\/culto-a-San-Baltsar-Familia-Piriz-10-265x198.jpg 265w\" sizes=\"auto, (max-width: 503px) 100vw, 503px\" \/><\/a><\/p>\n<p style=\"font-weight: 400;\">En la v\u00edspera de la conmemoraci\u00f3n de la festividad popular de los Reyes, un gran n\u00famero de personas se convoc\u00f3 para sumarse al culto a San Baltasar en el domicilio de la familia Piriz, que abri\u00f3 las puertas de su casa para que los visitantes recorran los espacios ornamentados y ambientados para la mencionada celebraci\u00f3n.<\/p>\n<p style=\"font-weight: 400;\">Con el aporte de la Municipalidad desde la Direcci\u00f3n de Cultura, los presentes disfrutaron de la presentaci\u00f3n del taller de percusi\u00f3n de la Escuela Municipal de M\u00fasica, bajo la direcci\u00f3n de Horacio \u201cEl Negro\u201d Gil, que con instrumentos reciclados (baldes de pintura) ejecutaron ritmos urbanos, para continuar con la recreaci\u00f3n de candombe y charanda a cargo del Ballet Municipal Ana Mar\u00eda Trainini. Los n\u00fameros art\u00edsticos prosiguieron en una din\u00e1mica incesante de actuaciones a cargo de Urdapilleta Tr\u00edo, Amanecer Guaran\u00ed (conjunto de la Escuela de M\u00fasica), desde Ifr\u00e1n Los Menchos del Pago, el Grupo Chamamecero Municipal y Los Carai del Chamam\u00e9.<a href=\"https:\/\/revistaesperanzas.com\/web\/2026\/01\/goya-rindio-culto-a-la-devocion-popular-de-san-baltasar\/culto-a-san-baltsar-familia-piriz-11\/\" rel=\"attachment wp-att-141842\"><img loading=\"lazy\" decoding=\"async\" class=\" wp-image-141842 alignright\" src=\"https:\/\/revistaesperanzas.com\/web\/wp-content\/uploads\/2026\/01\/culto-a-San-Baltsar-Familia-Piriz-11.jpg\" alt=\"\" width=\"500\" height=\"375\" srcset=\"https:\/\/revistaesperanzas.com\/web\/wp-content\/uploads\/2026\/01\/culto-a-San-Baltsar-Familia-Piriz-11.jpg 600w, https:\/\/revistaesperanzas.com\/web\/wp-content\/uploads\/2026\/01\/culto-a-San-Baltsar-Familia-Piriz-11-560x420.jpg 560w, https:\/\/revistaesperanzas.com\/web\/wp-content\/uploads\/2026\/01\/culto-a-San-Baltsar-Familia-Piriz-11-80x60.jpg 80w, https:\/\/revistaesperanzas.com\/web\/wp-content\/uploads\/2026\/01\/culto-a-San-Baltsar-Familia-Piriz-11-265x198.jpg 265w\" sizes=\"auto, (max-width: 500px) 100vw, 500px\" \/><\/a><\/p>\n<p style=\"font-weight: 400;\">En el momento que el reloj marcaba la hora cero se vivi\u00f3 ese instante de enorme emotividad, la salida de la imagen de san Baltasar, con un acompa\u00f1amiento coreogr\u00e1fico de la Escuela Municipal de Danzas Nativas \u201cEl Trovador\u201d, en su categor\u00eda infantil, recreando con la danza la presencia de los promeseros devotos, que con im\u00e1genes y banderas acompa\u00f1aron la salida del referido icono junto a la familia Piriz, el director de Cultura Manuel Zampar y el p\u00fablico que se sum\u00f3 al tradicional festejo.<\/p>\n<p style=\"font-weight: 400;\">En la jornada del 6 de enero la comunidad fue convocada nuevamente al domicilio de Piriz para la celebraci\u00f3n lit\u00fargica, a las 8 horas, y concluir con el tradicional almuerzo de fideos caseros; extendiendo la sobremesa con la participaci\u00f3n de m\u00fasicos invitados por los due\u00f1os de casa para cerrar esta tradicional ceremonia que se repite cada 5 y 6 de enero.<\/p>\n","protected":false},"excerpt":{"rendered":"<p>La familia Piriz, depositaria de este legado a partir de una antiqu\u00edsima imagen del Rey Camb\u00e1, Rey Negro Baltasar, todos los a\u00f1os en v\u00edsperas al 6 de enero, fecha de la celebraci\u00f3n de la Epifan\u00eda (manifestaci\u00f3n) del Se\u00f1or, renov\u00f3 la fe y el compromiso de difundir a las nuevas generaciones esta veneraci\u00f3n. Epifan\u00eda o revelaci\u00f3n [&hellip;]<\/p>\n","protected":false},"author":4,"featured_media":141838,"comment_status":"closed","ping_status":"closed","sticky":false,"template":"","format":"standard","meta":{"footnotes":""},"categories":[45],"tags":[],"class_list":{"0":"post-141837","1":"post","2":"type-post","3":"status-publish","4":"format-standard","5":"has-post-thumbnail","7":"category-locales"},"_links":{"self":[{"href":"https:\/\/revistaesperanzas.com\/web\/wp-json\/wp\/v2\/posts\/141837","targetHints":{"allow":["GET"]}}],"collection":[{"href":"https:\/\/revistaesperanzas.com\/web\/wp-json\/wp\/v2\/posts"}],"about":[{"href":"https:\/\/revistaesperanzas.com\/web\/wp-json\/wp\/v2\/types\/post"}],"author":[{"embeddable":true,"href":"https:\/\/revistaesperanzas.com\/web\/wp-json\/wp\/v2\/users\/4"}],"replies":[{"embeddable":true,"href":"https:\/\/revistaesperanzas.com\/web\/wp-json\/wp\/v2\/comments?post=141837"}],"version-history":[{"count":2,"href":"https:\/\/revistaesperanzas.com\/web\/wp-json\/wp\/v2\/posts\/141837\/revisions"}],"predecessor-version":[{"id":141844,"href":"https:\/\/revistaesperanzas.com\/web\/wp-json\/wp\/v2\/posts\/141837\/revisions\/141844"}],"wp:featuredmedia":[{"embeddable":true,"href":"https:\/\/revistaesperanzas.com\/web\/wp-json\/wp\/v2\/media\/141838"}],"wp:attachment":[{"href":"https:\/\/revistaesperanzas.com\/web\/wp-json\/wp\/v2\/media?parent=141837"}],"wp:term":[{"taxonomy":"category","embeddable":true,"href":"https:\/\/revistaesperanzas.com\/web\/wp-json\/wp\/v2\/categories?post=141837"},{"taxonomy":"post_tag","embeddable":true,"href":"https:\/\/revistaesperanzas.com\/web\/wp-json\/wp\/v2\/tags?post=141837"}],"curies":[{"name":"wp","href":"https:\/\/api.w.org\/{rel}","templated":true}]}}