{"id":141846,"date":"2026-01-07T10:46:49","date_gmt":"2026-01-07T13:46:49","guid":{"rendered":"https:\/\/revistaesperanzas.com\/web\/?p=141846"},"modified":"2026-01-07T10:47:21","modified_gmt":"2026-01-07T13:47:21","slug":"asaltaron-alperiodista-nicolas-winazki-en-un-acasa-de-hurlingham-el-gesto-de-los-delincuentes","status":"publish","type":"post","link":"https:\/\/revistaesperanzas.com\/web\/2026\/01\/asaltaron-alperiodista-nicolas-winazki-en-un-acasa-de-hurlingham-el-gesto-de-los-delincuentes\/","title":{"rendered":"ASALTARON AL PERIODISTA NICOL\u00c1S WI\u00d1AZKI EN UN ACASA DE HURLINGHAM: EL &#8220;GESTO&#8221; DE LOS DELINCUENTES"},"content":{"rendered":"<header class=\"article-header-wrapper\">\n<div class=\"article-header with-follow-button-ctn\">\n<p class=\"article-subheadline text_align_left\"><em><strong>Por: <a class=\"author-name\" href=\"https:\/\/www.infobae.com\/autor\/miguel-prieto-toledo\/\" aria-label=\"Miguel Prieto Toledo\">Miguel Prieto Toledo<\/a>\u00a0 &#8211;\u00a0 Todo ocurri\u00f3 ayer en horas de la ma\u00f1ana, mientras el comunicador esperaba a dos pintores. Los ladrones estaban encapuchados y armados. No hay detenidos<\/strong><\/em><\/p>\n<\/div>\n<\/header>\n<article class=\"article\">\n<div class=\"body-article \">\n<div class=\"visual__image image-initial-width\"><picture><source srcset=\"https:\/\/www.infobae.com\/resizer\/v2\/PW5ADS7YWBG4JPBVIWSRFTG7II.jpg?auth=bc184e0507e88734809c239a595219c8e91632211ff5e7383338f02dd544f4a6&amp;smart=true&amp;width=992&amp;height=558&amp;quality=85\" media=\"(min-width: 1000px)\" \/><source srcset=\"https:\/\/www.infobae.com\/resizer\/v2\/PW5ADS7YWBG4JPBVIWSRFTG7II.jpg?auth=bc184e0507e88734809c239a595219c8e91632211ff5e7383338f02dd544f4a6&amp;smart=true&amp;width=768&amp;height=432&amp;quality=85\" media=\"(min-width: 768px)\" \/><source srcset=\"https:\/\/www.infobae.com\/resizer\/v2\/PW5ADS7YWBG4JPBVIWSRFTG7II.jpg?auth=bc184e0507e88734809c239a595219c8e91632211ff5e7383338f02dd544f4a6&amp;smart=true&amp;width=577&amp;height=325&amp;quality=85\" media=\"(min-width: 580px)\" \/><source srcset=\"https:\/\/www.infobae.com\/resizer\/v2\/PW5ADS7YWBG4JPBVIWSRFTG7II.jpg?auth=bc184e0507e88734809c239a595219c8e91632211ff5e7383338f02dd544f4a6&amp;smart=true&amp;width=420&amp;height=236&amp;quality=85\" media=\"(min-width: 350px)\" \/><source srcset=\"https:\/\/www.infobae.com\/resizer\/v2\/PW5ADS7YWBG4JPBVIWSRFTG7II.jpg?auth=bc184e0507e88734809c239a595219c8e91632211ff5e7383338f02dd544f4a6&amp;smart=true&amp;width=350&amp;height=197&amp;quality=85\" media=\"(min-width: 80px)\" \/><img loading=\"lazy\" decoding=\"async\" class=\"global-image\" src=\"https:\/\/www.infobae.com\/resizer\/v2\/PW5ADS7YWBG4JPBVIWSRFTG7II.jpg?auth=bc184e0507e88734809c239a595219c8e91632211ff5e7383338f02dd544f4a6&amp;smart=true&amp;width=350&amp;height=197&amp;quality=85\" alt=\"El periodista Nicol\u00e1s Wi\u00f1aski fue\" width=\"1920\" height=\"1080\" \/><\/picture>El periodista Nicol\u00e1s Wi\u00f1aski fue asaltado ayer en horas de la ma\u00f1ana<\/div>\n<p class=\"paragraph\" data-mrf-recirculation=\"Links inline\">El periodista<b>\u00a0Nicol\u00e1s Wi\u00f1azki<\/b>, de 45 a\u00f1os, fue v\u00edctima de un asalto a manos de dos ladrones armados y encapuchados, que lo abordaron mientras se encontraba en una casa en obra, en la localidad bonaerense de\u00a0<a title=\"https:\/\/www.infobae.com\/tag\/hurlingham\/\" href=\"https:\/\/www.infobae.com\/tag\/hurlingham\/\" target=\"_blank\" rel=\"noopener noreferrer\" data-mrf-link=\"https:\/\/www.infobae.com\/tag\/hurlingham\/\"><b>Hurlingham<\/b><\/a>. Le robaron dinero y algunos objetos de valor.<\/p>\n<p class=\"paragraph\" data-mrf-recirculation=\"Links inline\">Seg\u00fan confirmaron fuentes judiciales a\u00a0<b>Infobae<\/b>, el episodio ocurri\u00f3 ayer, cerca de las 8 de la ma\u00f1ana, en una vivienda en construcci\u00f3n, mientras el comunicador esperaba la llegada de los pintores. Al momento del hecho, la v\u00edctima se encontraba en el patio de la propiedad, que a\u00fan no est\u00e1 habitada y que exhibe un cartel de \u201cvendido\u201d en el frente.<\/p>\n<div class=\"inline ad-wrapper\">\n<div class=\"dfpAd ad-inline\">En un breve di\u00e1logo con este medio, Wi\u00f1azki confirm\u00f3 el asalto y dio algunos detalles de c\u00f3mo ocurri\u00f3 todo. Seg\u00fan dijo, los delincuentes ingresaron a la vivienda, lo amenazaron con armas y le exigieron la entrega de dinero. El periodista les explic\u00f3 que la casa estaba en proceso de pintura y no ten\u00eda objetos de gran valor, intentando disuadirlos para que no lo agredieran. \u201c<b>Quiero creer que fue al voleo<\/b>\u201d, afirm\u00f3 la v\u00edctima a\u00a0<b>Infobae<\/b>.<\/div>\n<div><\/div>\n<\/div>\n<p class=\"paragraph\" data-mrf-recirculation=\"Links inline\">En ese sentido, revel\u00f3 que los ladrones \u201cestaban muy nerviosos\u201d y trat\u00f3 de calmarlos. Adem\u00e1s, cont\u00f3 que mientras le exig\u00edan dinero y le preguntaban a qu\u00e9 se dedicaba, el conductor del canal\u00a0<i>A24<\/i>\u00a0les pidi\u00f3 que no le sacaran el celular. \u201c<b>Les dije que no se llevaran el tel\u00e9fono porque es mi elemento de trabajo. Al final accedieron<\/b>\u201d, a\u00f1adi\u00f3 la v\u00edctima, quien adem\u00e1s dijo que qued\u00f3 con algo de miedo luego de lo que le pas\u00f3. Adem\u00e1s, agradeci\u00f3 la labor de las autoridades locales luego del hecho.<\/p>\n<div class=\"inline_2_DSK ad-wrapper ad-desktop\">\n<div class=\"dfpAd ad-inline\">\n<div id=\"infobae\/sociedad\/policiales\/nota\/inline_2_DSK\" class=\"infobae\/sociedad\/policiales\/nota\/inline_2_DSK arcad\" data-google-query-id=\"CNO9lpPG-ZEDFU1QuAQdBlYkZg\">\n<div id=\"google_ads_iframe_\/1058609\/infobae\/sociedad\/policiales\/nota\/inline_2_DSK_0__container__\">En el medio de su \u201cnegociaci\u00f3n\u201d con los delincuentes, Wi\u00f1azki les dijo que pod\u00edan llevarse el auto y hasta les advirti\u00f3 que actuaran con velocidad para no encontrarse de frente con los pintores que estaban por llegar. Su objetivo era que abandonaran la propiedad cuanto antes. \u201cAhora vienen los pintores, mir\u00e1 que son bravos\u201d, les dijo.<\/div>\n<div><\/div>\n<\/div>\n<\/div>\n<\/div>\n<p class=\"paragraph\" data-mrf-recirculation=\"Links inline\">Entre los elementos sustra\u00eddos se encuentran\u00a0<b>dinero en efectivo<\/b>, objetos de valor y una mochila con una computadora y una consola Switch perteneciente a uno de sus hijos. Les entreg\u00f3 a los asaltantes uno\u00a0<b>USD200\u00a0<\/b>y aproximadamente\u00a0<b>60.000 pesos<\/b>, adem\u00e1s de algunos objetos personales.<\/p>\n<p class=\"paragraph\" data-mrf-recirculation=\"Links inline\">La investigaci\u00f3n qued\u00f3 a cargo de la\u00a0<b>comisar\u00eda 1ra. de Hurlingham\u00a0<\/b>y de la\u00a0<b>Polic\u00eda bonaerense<\/b>. El caso lo instruye el fiscal\u00a0<b>Nicol\u00e1s Filippini<\/b>, perteneciente a la\u00a0<b>UFI N\u00b0 8 de Mor\u00f3n<\/b>.<\/p>\n<p class=\"paragraph\" data-mrf-recirculation=\"Links inline\">De acuerdo con fuentes judiciales consultadas por Infobae, se determin\u00f3 que los ladrones huyeron por el\u00a0<b>Acceso Oeste\u00a0<\/b>tras cometer el asalto. El auto y el modelo a\u00fan son materia de investigaci\u00f3n. No hay detenidos.<\/p>\n<p data-mrf-recirculation=\"Links inline\">www.infobae.com<\/p>\n<\/div>\n<\/article>\n","protected":false},"excerpt":{"rendered":"<p>Por: Miguel Prieto Toledo\u00a0 &#8211;\u00a0 Todo ocurri\u00f3 ayer en horas de la ma\u00f1ana, mientras el comunicador esperaba a dos pintores. Los ladrones estaban encapuchados y armados. No hay detenidos El periodista Nicol\u00e1s Wi\u00f1aski fue asaltado ayer en horas de la ma\u00f1ana El periodista\u00a0Nicol\u00e1s Wi\u00f1azki, de 45 a\u00f1os, fue v\u00edctima de un asalto a manos de [&hellip;]<\/p>\n","protected":false},"author":4,"featured_media":141847,"comment_status":"closed","ping_status":"closed","sticky":false,"template":"","format":"standard","meta":{"footnotes":""},"categories":[4],"tags":[],"class_list":{"0":"post-141846","1":"post","2":"type-post","3":"status-publish","4":"format-standard","5":"has-post-thumbnail","7":"category-nacionales"},"_links":{"self":[{"href":"https:\/\/revistaesperanzas.com\/web\/wp-json\/wp\/v2\/posts\/141846","targetHints":{"allow":["GET"]}}],"collection":[{"href":"https:\/\/revistaesperanzas.com\/web\/wp-json\/wp\/v2\/posts"}],"about":[{"href":"https:\/\/revistaesperanzas.com\/web\/wp-json\/wp\/v2\/types\/post"}],"author":[{"embeddable":true,"href":"https:\/\/revistaesperanzas.com\/web\/wp-json\/wp\/v2\/users\/4"}],"replies":[{"embeddable":true,"href":"https:\/\/revistaesperanzas.com\/web\/wp-json\/wp\/v2\/comments?post=141846"}],"version-history":[{"count":2,"href":"https:\/\/revistaesperanzas.com\/web\/wp-json\/wp\/v2\/posts\/141846\/revisions"}],"predecessor-version":[{"id":141850,"href":"https:\/\/revistaesperanzas.com\/web\/wp-json\/wp\/v2\/posts\/141846\/revisions\/141850"}],"wp:featuredmedia":[{"embeddable":true,"href":"https:\/\/revistaesperanzas.com\/web\/wp-json\/wp\/v2\/media\/141847"}],"wp:attachment":[{"href":"https:\/\/revistaesperanzas.com\/web\/wp-json\/wp\/v2\/media?parent=141846"}],"wp:term":[{"taxonomy":"category","embeddable":true,"href":"https:\/\/revistaesperanzas.com\/web\/wp-json\/wp\/v2\/categories?post=141846"},{"taxonomy":"post_tag","embeddable":true,"href":"https:\/\/revistaesperanzas.com\/web\/wp-json\/wp\/v2\/tags?post=141846"}],"curies":[{"name":"wp","href":"https:\/\/api.w.org\/{rel}","templated":true}]}}