{"id":141854,"date":"2026-01-07T10:54:14","date_gmt":"2026-01-07T13:54:14","guid":{"rendered":"https:\/\/revistaesperanzas.com\/web\/?p=141854"},"modified":"2026-01-07T10:54:14","modified_gmt":"2026-01-07T13:54:14","slug":"la-policia-sorprendio-y-aprehendio-a-un-hombre-que-en-su-poder-llevaba-herramientas-de-dudosa-procedencia","status":"publish","type":"post","link":"https:\/\/revistaesperanzas.com\/web\/2026\/01\/la-policia-sorprendio-y-aprehendio-a-un-hombre-que-en-su-poder-llevaba-herramientas-de-dudosa-procedencia\/","title":{"rendered":"LA POLIC\u00cdA SORPRENDI\u00d3 Y APREHENDI\u00d3 A UN HOMBRE QUE EN SU PODER LLEVABA HERRAMIENTAS DE DUDOSA PROCEDENCIA"},"content":{"rendered":"<p>PASO DE LA PATRIA\u00a0 &#8211;\u00a0 Efectivos policiales del \u00c1rea de Investigaci\u00f3n Criminal junto a sus pares de la Comisaria de Distrito Segunda de Paso de la Patria realizando recorridas en prevenci\u00f3n de il\u00edcitos e identificaci\u00f3n de personas, sorprendieron a un hombre que en su poder llevaba varias cosas de dudosa procedencia, presuntamente vinculadas a un hecho que se investiga.<a href=\"https:\/\/revistaesperanzas.com\/web\/2026\/01\/la-policia-sorprendio-y-aprehendio-a-un-hombre-que-en-su-poder-llevaba-herramientas-de-dudosa-procedencia\/whatsapp-image-2026-01-06-at-20-42-48\/\" rel=\"attachment wp-att-141856\"><img loading=\"lazy\" decoding=\"async\" class=\"alignnone  wp-image-141856\" src=\"https:\/\/revistaesperanzas.com\/web\/wp-content\/uploads\/2026\/01\/WhatsApp-Image-2026-01-06-at-20.42.48.jpeg\" alt=\"\" width=\"683\" height=\"462\" \/><\/a><\/p>\n<p>El procedimiento se concreto por calles Quijano y Misiones de la citada localidad, donde los efectivos visualizaron a un hombre, identificado como \u2013 alias Choco, mayor de edad- quien al notar la presencia policial, abandona en la v\u00eda publica varias cosas e intenta huir, por lo que, fue alcanzado metros adelante, adem\u00e1s, en el lugar se procedi\u00f3 al secuestro de tres bombas de agua y distintas herramientas \u2013 palas, taladro, pinzas, martillo, amoladora, entre otros-, los cuales no supo justificar su propiedad ni procedencia, posteriormente y siguiendo la l\u00ednea investigativa, las cosas secuestradas resultaron estar presuntamente vinculadas a un il\u00edcito ocurrido d\u00edas atr\u00e1s.<\/p>\n<p>El aprehendido junto a lo recuperado fueron puestos a disposici\u00f3n de la Unidad Fiscal en turno y trasladados a la citada dependencia, donde continuaron con los tramites correspondientes al caso.<\/p>\n","protected":false},"excerpt":{"rendered":"<p>PASO DE LA PATRIA\u00a0 &#8211;\u00a0 Efectivos policiales del \u00c1rea de Investigaci\u00f3n Criminal junto a sus pares de la Comisaria de Distrito Segunda de Paso de la Patria realizando recorridas en prevenci\u00f3n de il\u00edcitos e identificaci\u00f3n de personas, sorprendieron a un hombre que en su poder llevaba varias cosas de dudosa procedencia, presuntamente vinculadas a un [&hellip;]<\/p>\n","protected":false},"author":4,"featured_media":141855,"comment_status":"closed","ping_status":"closed","sticky":false,"template":"","format":"standard","meta":{"footnotes":""},"categories":[58],"tags":[],"class_list":{"0":"post-141854","1":"post","2":"type-post","3":"status-publish","4":"format-standard","5":"has-post-thumbnail","7":"category-corrientes"},"_links":{"self":[{"href":"https:\/\/revistaesperanzas.com\/web\/wp-json\/wp\/v2\/posts\/141854","targetHints":{"allow":["GET"]}}],"collection":[{"href":"https:\/\/revistaesperanzas.com\/web\/wp-json\/wp\/v2\/posts"}],"about":[{"href":"https:\/\/revistaesperanzas.com\/web\/wp-json\/wp\/v2\/types\/post"}],"author":[{"embeddable":true,"href":"https:\/\/revistaesperanzas.com\/web\/wp-json\/wp\/v2\/users\/4"}],"replies":[{"embeddable":true,"href":"https:\/\/revistaesperanzas.com\/web\/wp-json\/wp\/v2\/comments?post=141854"}],"version-history":[{"count":2,"href":"https:\/\/revistaesperanzas.com\/web\/wp-json\/wp\/v2\/posts\/141854\/revisions"}],"predecessor-version":[{"id":141858,"href":"https:\/\/revistaesperanzas.com\/web\/wp-json\/wp\/v2\/posts\/141854\/revisions\/141858"}],"wp:featuredmedia":[{"embeddable":true,"href":"https:\/\/revistaesperanzas.com\/web\/wp-json\/wp\/v2\/media\/141855"}],"wp:attachment":[{"href":"https:\/\/revistaesperanzas.com\/web\/wp-json\/wp\/v2\/media?parent=141854"}],"wp:term":[{"taxonomy":"category","embeddable":true,"href":"https:\/\/revistaesperanzas.com\/web\/wp-json\/wp\/v2\/categories?post=141854"},{"taxonomy":"post_tag","embeddable":true,"href":"https:\/\/revistaesperanzas.com\/web\/wp-json\/wp\/v2\/tags?post=141854"}],"curies":[{"name":"wp","href":"https:\/\/api.w.org\/{rel}","templated":true}]}}