{"id":141859,"date":"2026-01-07T10:57:32","date_gmt":"2026-01-07T13:57:32","guid":{"rendered":"https:\/\/revistaesperanzas.com\/web\/?p=141859"},"modified":"2026-01-07T10:57:32","modified_gmt":"2026-01-07T13:57:32","slug":"la-policia-evita-que-faenen-un-ternero-recientemente-robado","status":"publish","type":"post","link":"https:\/\/revistaesperanzas.com\/web\/2026\/01\/la-policia-evita-que-faenen-un-ternero-recientemente-robado\/","title":{"rendered":"LA POLIC\u00cdA EVITA QUE FAENEN UN TERNERO RECIENTEMENTE ROBADO"},"content":{"rendered":"<p>LA CRUZ\u00a0 &#8211;\u00a0 Tras un r\u00e1pido accionar, la Polic\u00eda evit\u00f3 la faena de un ternero que habr\u00eda sido denunciado como sustra\u00eddo y adem\u00e1s, identific\u00f3 al presunto autor del hecho.<\/p>\n<p>Efectivos policiales de la Unidad Especial de Seguridad Rural y Ecol\u00f3gica de La Cruz, tras un r\u00e1pido despliegue, lograron evitar la faena de un ternero y recuperar el mismo. Por el hecho, un hombre se encuentra a disposici\u00f3n de la justicia.<\/p>\n<p>El procedimiento se concret\u00f3 en inmediaciones de la citada localidad, cuando los efectivos fueron alertados de la sustracci\u00f3n de un ternero, por lo que, realizaron rastrillajes y tras un r\u00e1pido accionar, lograron localizar al mismo en un campo aleda\u00f1o y adem\u00e1s, identificar al presunto autor del hecho, quien quedo a disposici\u00f3n de la justicia.<\/p>\n<p>Con la intervenci\u00f3n de la unidad fiscal en turno, el animal recuperado fue trasladado a la citada unidad, donde se continuaron con los tramites de rigor.<\/p>\n<p>&nbsp;<\/p>\n","protected":false},"excerpt":{"rendered":"<p>LA CRUZ\u00a0 &#8211;\u00a0 Tras un r\u00e1pido accionar, la Polic\u00eda evit\u00f3 la faena de un ternero que habr\u00eda sido denunciado como sustra\u00eddo y adem\u00e1s, identific\u00f3 al presunto autor del hecho. Efectivos policiales de la Unidad Especial de Seguridad Rural y Ecol\u00f3gica de La Cruz, tras un r\u00e1pido despliegue, lograron evitar la faena de un ternero y [&hellip;]<\/p>\n","protected":false},"author":4,"featured_media":141860,"comment_status":"closed","ping_status":"closed","sticky":false,"template":"","format":"standard","meta":{"footnotes":""},"categories":[58],"tags":[],"class_list":{"0":"post-141859","1":"post","2":"type-post","3":"status-publish","4":"format-standard","5":"has-post-thumbnail","7":"category-corrientes"},"_links":{"self":[{"href":"https:\/\/revistaesperanzas.com\/web\/wp-json\/wp\/v2\/posts\/141859","targetHints":{"allow":["GET"]}}],"collection":[{"href":"https:\/\/revistaesperanzas.com\/web\/wp-json\/wp\/v2\/posts"}],"about":[{"href":"https:\/\/revistaesperanzas.com\/web\/wp-json\/wp\/v2\/types\/post"}],"author":[{"embeddable":true,"href":"https:\/\/revistaesperanzas.com\/web\/wp-json\/wp\/v2\/users\/4"}],"replies":[{"embeddable":true,"href":"https:\/\/revistaesperanzas.com\/web\/wp-json\/wp\/v2\/comments?post=141859"}],"version-history":[{"count":1,"href":"https:\/\/revistaesperanzas.com\/web\/wp-json\/wp\/v2\/posts\/141859\/revisions"}],"predecessor-version":[{"id":141861,"href":"https:\/\/revistaesperanzas.com\/web\/wp-json\/wp\/v2\/posts\/141859\/revisions\/141861"}],"wp:featuredmedia":[{"embeddable":true,"href":"https:\/\/revistaesperanzas.com\/web\/wp-json\/wp\/v2\/media\/141860"}],"wp:attachment":[{"href":"https:\/\/revistaesperanzas.com\/web\/wp-json\/wp\/v2\/media?parent=141859"}],"wp:term":[{"taxonomy":"category","embeddable":true,"href":"https:\/\/revistaesperanzas.com\/web\/wp-json\/wp\/v2\/categories?post=141859"},{"taxonomy":"post_tag","embeddable":true,"href":"https:\/\/revistaesperanzas.com\/web\/wp-json\/wp\/v2\/tags?post=141859"}],"curies":[{"name":"wp","href":"https:\/\/api.w.org\/{rel}","templated":true}]}}