{"id":141862,"date":"2026-01-07T11:02:23","date_gmt":"2026-01-07T14:02:23","guid":{"rendered":"https:\/\/revistaesperanzas.com\/web\/?p=141862"},"modified":"2026-01-07T11:02:23","modified_gmt":"2026-01-07T14:02:23","slug":"demoran-a-dos-personas-que-intentan-huir-uno-de-ellos-con-pedido-de-detencion","status":"publish","type":"post","link":"https:\/\/revistaesperanzas.com\/web\/2026\/01\/demoran-a-dos-personas-que-intentan-huir-uno-de-ellos-con-pedido-de-detencion\/","title":{"rendered":"DEMORAN A DOS PERSONAS QUE INTENTAN HUIR. UNO DE ELLOS CON PEDIDO DE DETENCI\u00d3N"},"content":{"rendered":"<p>EFICAZ ACCIONAR\u00a0 &#8211;\u00a0 La Polic\u00eda demor\u00f3 a dos hombres que al ser identificados intentaron huir. Uno de ellos presentaba pedido de detenci\u00f3n activo.<\/p>\n<p>En la noche de ayer 05-01-26, efectivos policiales de la Comisaria Cuarta Urbana, realizando recorridas en prevenci\u00f3n de il\u00edcitos por calles Paraguay y 9 de Julio, tras una persecuci\u00f3n, demoraron a dos hombres a bordo de una motocicleta, quienes habr\u00edan intentado evitar ser identificados y adem\u00e1s, contaban con antecedentes policiales.<\/p>\n<p>El procedimiento se concret\u00f3 cerca de las 22:30 horas, cuando los citados efectivos divisaron a dos personas a bordo de una motocicleta \u2013 marca Zanella 110cc.- quienes intentaron huir del lugar, por lo que, con la colaboraci\u00f3n del personal del Comando Patrulla por calles Belgrano y Roca, el conductor junto al rodado fue alcanzado e identificado como \u2013 alias Chupet\u00f3n de 28 a\u00f1os de edad-, en tanto, el acompa\u00f1ante fue demorado en calles Roca e Hipolito Irigoyen, identificado como \u2013 alias Coch\u00f3n, de 36 a\u00f1os de edad-, posteriormente y tras las correspondientes averiguaciones, ambos resultaron poseer antecedentes policiales y uno de ellos pose\u00eda pedido de detenci\u00f3n activo.<\/p>\n<p>Los demorados junto al rodado secuestrado fueron puestos a disposici\u00f3n de la justicia y trasladados a la citada dependencia, donde se continuaron con los tramites de rigor.<\/p>\n","protected":false},"excerpt":{"rendered":"<p>EFICAZ ACCIONAR\u00a0 &#8211;\u00a0 La Polic\u00eda demor\u00f3 a dos hombres que al ser identificados intentaron huir. Uno de ellos presentaba pedido de detenci\u00f3n activo. En la noche de ayer 05-01-26, efectivos policiales de la Comisaria Cuarta Urbana, realizando recorridas en prevenci\u00f3n de il\u00edcitos por calles Paraguay y 9 de Julio, tras una persecuci\u00f3n, demoraron a dos [&hellip;]<\/p>\n","protected":false},"author":4,"featured_media":141863,"comment_status":"closed","ping_status":"closed","sticky":false,"template":"","format":"standard","meta":{"footnotes":""},"categories":[58],"tags":[],"class_list":{"0":"post-141862","1":"post","2":"type-post","3":"status-publish","4":"format-standard","5":"has-post-thumbnail","7":"category-corrientes"},"_links":{"self":[{"href":"https:\/\/revistaesperanzas.com\/web\/wp-json\/wp\/v2\/posts\/141862","targetHints":{"allow":["GET"]}}],"collection":[{"href":"https:\/\/revistaesperanzas.com\/web\/wp-json\/wp\/v2\/posts"}],"about":[{"href":"https:\/\/revistaesperanzas.com\/web\/wp-json\/wp\/v2\/types\/post"}],"author":[{"embeddable":true,"href":"https:\/\/revistaesperanzas.com\/web\/wp-json\/wp\/v2\/users\/4"}],"replies":[{"embeddable":true,"href":"https:\/\/revistaesperanzas.com\/web\/wp-json\/wp\/v2\/comments?post=141862"}],"version-history":[{"count":1,"href":"https:\/\/revistaesperanzas.com\/web\/wp-json\/wp\/v2\/posts\/141862\/revisions"}],"predecessor-version":[{"id":141864,"href":"https:\/\/revistaesperanzas.com\/web\/wp-json\/wp\/v2\/posts\/141862\/revisions\/141864"}],"wp:featuredmedia":[{"embeddable":true,"href":"https:\/\/revistaesperanzas.com\/web\/wp-json\/wp\/v2\/media\/141863"}],"wp:attachment":[{"href":"https:\/\/revistaesperanzas.com\/web\/wp-json\/wp\/v2\/media?parent=141862"}],"wp:term":[{"taxonomy":"category","embeddable":true,"href":"https:\/\/revistaesperanzas.com\/web\/wp-json\/wp\/v2\/categories?post=141862"},{"taxonomy":"post_tag","embeddable":true,"href":"https:\/\/revistaesperanzas.com\/web\/wp-json\/wp\/v2\/tags?post=141862"}],"curies":[{"name":"wp","href":"https:\/\/api.w.org\/{rel}","templated":true}]}}