{"id":141865,"date":"2026-01-07T11:30:43","date_gmt":"2026-01-07T14:30:43","guid":{"rendered":"https:\/\/revistaesperanzas.com\/web\/?p=141865"},"modified":"2026-01-07T11:30:43","modified_gmt":"2026-01-07T14:30:43","slug":"se-lanzo-el-dispositivo-especial-de-seguridad-con-motivo-de-las-fiestas-en-honor-al-gaucho-gil-mercedes-2026","status":"publish","type":"post","link":"https:\/\/revistaesperanzas.com\/web\/2026\/01\/se-lanzo-el-dispositivo-especial-de-seguridad-con-motivo-de-las-fiestas-en-honor-al-gaucho-gil-mercedes-2026\/","title":{"rendered":"SE LANZ\u00d3 EL DISPOSITIVO ESPECIAL DE SEGURIDAD CON MOTIVO DE LAS FIESTAS EN HONOR AL GAUCHO GIL&#8221; \u2013 MERCEDES 2026-."},"content":{"rendered":"<p>MERCEDES \u2013 CORRIENTES\u00a0 &#8211;\u00a0 En la tarde de hoy 06-01-26 se inici\u00f3 el lanzamiento del<a href=\"https:\/\/revistaesperanzas.com\/web\/2026\/01\/se-lanzo-el-dispositivo-especial-de-seguridad-con-motivo-de-las-fiestas-en-honor-al-gaucho-gil-mercedes-2026\/whatsapp-image-2026-01-06-at-20-42-51-2\/\" rel=\"attachment wp-att-141867\"><img loading=\"lazy\" decoding=\"async\" class=\" wp-image-141867 alignleft\" src=\"https:\/\/revistaesperanzas.com\/web\/wp-content\/uploads\/2026\/01\/WhatsApp-Image-2026-01-06-at-20.42.51-2.jpeg\" alt=\"\" width=\"451\" height=\"338\" srcset=\"https:\/\/revistaesperanzas.com\/web\/wp-content\/uploads\/2026\/01\/WhatsApp-Image-2026-01-06-at-20.42.51-2.jpeg 600w, https:\/\/revistaesperanzas.com\/web\/wp-content\/uploads\/2026\/01\/WhatsApp-Image-2026-01-06-at-20.42.51-2-560x420.jpeg 560w, https:\/\/revistaesperanzas.com\/web\/wp-content\/uploads\/2026\/01\/WhatsApp-Image-2026-01-06-at-20.42.51-2-80x60.jpeg 80w, https:\/\/revistaesperanzas.com\/web\/wp-content\/uploads\/2026\/01\/WhatsApp-Image-2026-01-06-at-20.42.51-2-265x198.jpeg 265w\" sizes=\"auto, (max-width: 451px) 100vw, 451px\" \/><\/a> Dispositivo de Seguridad por las festividades en honor al 148\u00b0 Aniversario del fallecimiento del Santo Popular Antonio Cruz Mamerto Gil N\u00fa\u00f1ez (Gaucho Gil), donde efectivos dependientes de distintas \u00e1reas dieron inicio al Plan de Seguridad.<\/p>\n<p>Alrededor de las 18:00 horas, sobre Ruta Nacional<a href=\"https:\/\/revistaesperanzas.com\/web\/2026\/01\/se-lanzo-el-dispositivo-especial-de-seguridad-con-motivo-de-las-fiestas-en-honor-al-gaucho-gil-mercedes-2026\/whatsapp-image-2026-01-06-at-20-42-52-1\/\" rel=\"attachment wp-att-141868\"><img loading=\"lazy\" decoding=\"async\" class=\" wp-image-141868 alignright\" src=\"https:\/\/revistaesperanzas.com\/web\/wp-content\/uploads\/2026\/01\/WhatsApp-Image-2026-01-06-at-20.42.52-1.jpeg\" alt=\"\" width=\"450\" height=\"569\" srcset=\"https:\/\/revistaesperanzas.com\/web\/wp-content\/uploads\/2026\/01\/WhatsApp-Image-2026-01-06-at-20.42.52-1.jpeg 600w, https:\/\/revistaesperanzas.com\/web\/wp-content\/uploads\/2026\/01\/WhatsApp-Image-2026-01-06-at-20.42.52-1-332x420.jpeg 332w\" sizes=\"auto, (max-width: 450px) 100vw, 450px\" \/><\/a> N.\u00ba 123 a la altura del km. 101, frente al predio del Gauchito Gil, se realiz\u00f3 una formaci\u00f3n especial con gran parte del personal policial afectado al servicio, contando con la presencia del Subjefe de Polic\u00eda Crio. Gral. Walter Dario Aceval, el Director General de Coordinaci\u00f3n e Interior Crio. Gral. Gauna H\u00e9ctor Daniel, el Director del Seguridad Vial Crio. Gral. Eduardo Felipe Dip, el Director de la Unidad Regional III\u00ba Crio. Mayor Lima Juan Ramon y dem\u00e1s autoridades presentes.<\/p>\n<p>Posteriormente y culminada la presentaci\u00f3n, se instalaron los puestos fijos y m\u00f3viles<a href=\"https:\/\/revistaesperanzas.com\/web\/2026\/01\/se-lanzo-el-dispositivo-especial-de-seguridad-con-motivo-de-las-fiestas-en-honor-al-gaucho-gil-mercedes-2026\/whatsapp-image-2026-01-06-at-20-42-56-1\/\" rel=\"attachment wp-att-141869\"><img loading=\"lazy\" decoding=\"async\" class=\" wp-image-141869 alignleft\" src=\"https:\/\/revistaesperanzas.com\/web\/wp-content\/uploads\/2026\/01\/WhatsApp-Image-2026-01-06-at-20.42.56-1.jpeg\" alt=\"\" width=\"450\" height=\"300\" \/><\/a> en distintos sectores y lugares estrat\u00e9gicos ya dispuestos con anterioridad, en el plan operacional oportunamente informado y publicado a trav\u00e9s de la gacetilla policial emitida por el Departamento de Relaciones Institucionales. Cabe resaltar, que este Plan de Seguridad, se implement\u00f3 antes, durante y despu\u00e9s de la culminaci\u00f3n de todas las actividades previstas.<a href=\"https:\/\/revistaesperanzas.com\/web\/2026\/01\/se-lanzo-el-dispositivo-especial-de-seguridad-con-motivo-de-las-fiestas-en-honor-al-gaucho-gil-mercedes-2026\/gil\/\" rel=\"attachment wp-att-141870\"><img loading=\"lazy\" decoding=\"async\" class=\"alignnone  wp-image-141870\" src=\"https:\/\/revistaesperanzas.com\/web\/wp-content\/uploads\/2026\/01\/GIL.jpg\" alt=\"\" width=\"698\" height=\"683\" srcset=\"https:\/\/revistaesperanzas.com\/web\/wp-content\/uploads\/2026\/01\/GIL.jpg 600w, https:\/\/revistaesperanzas.com\/web\/wp-content\/uploads\/2026\/01\/GIL-429x420.jpg 429w\" sizes=\"auto, (max-width: 698px) 100vw, 698px\" \/><\/a><\/p>\n","protected":false},"excerpt":{"rendered":"<p>MERCEDES \u2013 CORRIENTES\u00a0 &#8211;\u00a0 En la tarde de hoy 06-01-26 se inici\u00f3 el lanzamiento del Dispositivo de Seguridad por las festividades en honor al 148\u00b0 Aniversario del fallecimiento del Santo Popular Antonio Cruz Mamerto Gil N\u00fa\u00f1ez (Gaucho Gil), donde efectivos dependientes de distintas \u00e1reas dieron inicio al Plan de Seguridad. Alrededor de las 18:00 horas, [&hellip;]<\/p>\n","protected":false},"author":4,"featured_media":141866,"comment_status":"closed","ping_status":"closed","sticky":false,"template":"","format":"standard","meta":{"footnotes":""},"categories":[58],"tags":[],"class_list":{"0":"post-141865","1":"post","2":"type-post","3":"status-publish","4":"format-standard","5":"has-post-thumbnail","7":"category-corrientes"},"_links":{"self":[{"href":"https:\/\/revistaesperanzas.com\/web\/wp-json\/wp\/v2\/posts\/141865","targetHints":{"allow":["GET"]}}],"collection":[{"href":"https:\/\/revistaesperanzas.com\/web\/wp-json\/wp\/v2\/posts"}],"about":[{"href":"https:\/\/revistaesperanzas.com\/web\/wp-json\/wp\/v2\/types\/post"}],"author":[{"embeddable":true,"href":"https:\/\/revistaesperanzas.com\/web\/wp-json\/wp\/v2\/users\/4"}],"replies":[{"embeddable":true,"href":"https:\/\/revistaesperanzas.com\/web\/wp-json\/wp\/v2\/comments?post=141865"}],"version-history":[{"count":2,"href":"https:\/\/revistaesperanzas.com\/web\/wp-json\/wp\/v2\/posts\/141865\/revisions"}],"predecessor-version":[{"id":141872,"href":"https:\/\/revistaesperanzas.com\/web\/wp-json\/wp\/v2\/posts\/141865\/revisions\/141872"}],"wp:featuredmedia":[{"embeddable":true,"href":"https:\/\/revistaesperanzas.com\/web\/wp-json\/wp\/v2\/media\/141866"}],"wp:attachment":[{"href":"https:\/\/revistaesperanzas.com\/web\/wp-json\/wp\/v2\/media?parent=141865"}],"wp:term":[{"taxonomy":"category","embeddable":true,"href":"https:\/\/revistaesperanzas.com\/web\/wp-json\/wp\/v2\/categories?post=141865"},{"taxonomy":"post_tag","embeddable":true,"href":"https:\/\/revistaesperanzas.com\/web\/wp-json\/wp\/v2\/tags?post=141865"}],"curies":[{"name":"wp","href":"https:\/\/api.w.org\/{rel}","templated":true}]}}