{"id":141873,"date":"2026-01-07T11:32:26","date_gmt":"2026-01-07T14:32:26","guid":{"rendered":"https:\/\/revistaesperanzas.com\/web\/?p=141873"},"modified":"2026-01-07T11:41:45","modified_gmt":"2026-01-07T14:41:45","slug":"dos-personas-fallecen-tras-un-sinietro-vial","status":"publish","type":"post","link":"https:\/\/revistaesperanzas.com\/web\/2026\/01\/dos-personas-fallecen-tras-un-sinietro-vial\/","title":{"rendered":"DOS PERSONAS FALLECEN TRAS UN SINIETRO VIAL"},"content":{"rendered":"<p>EMPEDRADO\u00a0 &#8211;\u00a0 Dos personas fallecieron tras un siniestro vial<\/p>\n<p>En horas de la ma\u00f1ana de hoy 07-01-26, efectivos policiales de la Comisar\u00eda de distrito Empedrado, tomaron conocimiento que por Ruta Nacional 12 kilometro N\u00b0973 \u2013zona de arroyo Gonz\u00e1lez-, por causas y circunstancias que se tratan de establecer se habr\u00eda producido el vuelco de un veh\u00edculo utilitario, que dej\u00f3 como saldo, dos personas fallecidas calcinadas.https:<\/p>\n<p><iframe loading=\"lazy\" title=\"PluscomSanLorenzo Ok en Instagram Accidente fatal en Ruta 12   P\" width=\"696\" height=\"392\" src=\"https:\/\/www.youtube.com\/embed\/d_ebn_7sZNM?feature=oembed\" frameborder=\"0\" allow=\"accelerometer; autoplay; clipboard-write; encrypted-media; gyroscope; picture-in-picture; web-share\" referrerpolicy=\"strict-origin-when-cross-origin\" allowfullscreen><\/iframe><\/p>\n<p>Conforme a las primeras averiguaciones, el siniestro tuvo como protagonista a un veh\u00edculo tipo utilitario, en el que circulaban dos hombres mayores de edad, a consecuencia de ello, el vehiculo se incendio y por lo que estas personas lamentablemente habr\u00edan fallecido en el lugar calcinadas.<\/p>\n<p>Al respecto, en el lugar se realizan las distintas diligencias que corresponden, con intervenci\u00f3n de la unidad fiscal en turno, en tanto, en la citada dependencia policial donde se prosigue con los tr\u00e1mites que corresponden.<\/p>\n","protected":false},"excerpt":{"rendered":"<p>EMPEDRADO\u00a0 &#8211;\u00a0 Dos personas fallecieron tras un siniestro vial En horas de la ma\u00f1ana de hoy 07-01-26, efectivos policiales de la Comisar\u00eda de distrito Empedrado, tomaron conocimiento que por Ruta Nacional 12 kilometro N\u00b0973 \u2013zona de arroyo Gonz\u00e1lez-, por causas y circunstancias que se tratan de establecer se habr\u00eda producido el vuelco de un veh\u00edculo [&hellip;]<\/p>\n","protected":false},"author":4,"featured_media":141874,"comment_status":"closed","ping_status":"closed","sticky":false,"template":"","format":"standard","meta":{"footnotes":""},"categories":[58],"tags":[],"class_list":{"0":"post-141873","1":"post","2":"type-post","3":"status-publish","4":"format-standard","5":"has-post-thumbnail","7":"category-corrientes"},"_links":{"self":[{"href":"https:\/\/revistaesperanzas.com\/web\/wp-json\/wp\/v2\/posts\/141873","targetHints":{"allow":["GET"]}}],"collection":[{"href":"https:\/\/revistaesperanzas.com\/web\/wp-json\/wp\/v2\/posts"}],"about":[{"href":"https:\/\/revistaesperanzas.com\/web\/wp-json\/wp\/v2\/types\/post"}],"author":[{"embeddable":true,"href":"https:\/\/revistaesperanzas.com\/web\/wp-json\/wp\/v2\/users\/4"}],"replies":[{"embeddable":true,"href":"https:\/\/revistaesperanzas.com\/web\/wp-json\/wp\/v2\/comments?post=141873"}],"version-history":[{"count":2,"href":"https:\/\/revistaesperanzas.com\/web\/wp-json\/wp\/v2\/posts\/141873\/revisions"}],"predecessor-version":[{"id":141877,"href":"https:\/\/revistaesperanzas.com\/web\/wp-json\/wp\/v2\/posts\/141873\/revisions\/141877"}],"wp:featuredmedia":[{"embeddable":true,"href":"https:\/\/revistaesperanzas.com\/web\/wp-json\/wp\/v2\/media\/141874"}],"wp:attachment":[{"href":"https:\/\/revistaesperanzas.com\/web\/wp-json\/wp\/v2\/media?parent=141873"}],"wp:term":[{"taxonomy":"category","embeddable":true,"href":"https:\/\/revistaesperanzas.com\/web\/wp-json\/wp\/v2\/categories?post=141873"},{"taxonomy":"post_tag","embeddable":true,"href":"https:\/\/revistaesperanzas.com\/web\/wp-json\/wp\/v2\/tags?post=141873"}],"curies":[{"name":"wp","href":"https:\/\/api.w.org\/{rel}","templated":true}]}}