{"id":141878,"date":"2026-01-07T12:04:37","date_gmt":"2026-01-07T15:04:37","guid":{"rendered":"https:\/\/revistaesperanzas.com\/web\/?p=141878"},"modified":"2026-01-07T12:04:37","modified_gmt":"2026-01-07T15:04:37","slug":"policia-recupero-moto-robada-en-el-mes-de-diciembre","status":"publish","type":"post","link":"https:\/\/revistaesperanzas.com\/web\/2026\/01\/policia-recupero-moto-robada-en-el-mes-de-diciembre\/","title":{"rendered":"POLICIA RECUPERO MOTO ROBADA EN EL MES DE DICIEMBRE"},"content":{"rendered":"<p>En el marco de una investigaci\u00f3n por un delito de robo en modalidad de arrebato, efectivos de la Cria 1ra de Goya, llevaron a cabo un allanamiento, mediante el cual se logr\u00f3 el secuestro de los elementos denunciados como sustra\u00eddos, como as\u00ed tambi\u00e9n de la motocicleta utilizada para cometer el hecho.<a href=\"https:\/\/revistaesperanzas.com\/web\/2026\/01\/policia-recupero-moto-robada-en-el-mes-de-diciembre\/whatsapp-image-2026-01-07-at-11-52-25-1\/\" rel=\"attachment wp-att-141880\"><img loading=\"lazy\" decoding=\"async\" class=\" wp-image-141880 alignleft\" src=\"https:\/\/revistaesperanzas.com\/web\/wp-content\/uploads\/2026\/01\/WhatsApp-Image-2026-01-07-at-11.52.25-1.jpeg\" alt=\"\" width=\"320\" height=\"523\" srcset=\"https:\/\/revistaesperanzas.com\/web\/wp-content\/uploads\/2026\/01\/WhatsApp-Image-2026-01-07-at-11.52.25-1.jpeg 600w, https:\/\/revistaesperanzas.com\/web\/wp-content\/uploads\/2026\/01\/WhatsApp-Image-2026-01-07-at-11.52.25-1-257x420.jpeg 257w\" sizes=\"auto, (max-width: 320px) 100vw, 320px\" \/><\/a><\/p>\n<p>Posteriormente, tras realizar las consultas correspondientes en la base de datos SIFCOP, se determin\u00f3 que el rodado secuestrado registraba pedido de SECUESTRO, habiendo sido denunciado como robado en el barrio Mauricio Valenzuela, durante el mes de diciembre pasado.<\/p>\n<p>Puesta la novedad en conocimiento de la autoridad judicial, el Fiscal interviniente dispuso que el rodado sea entregado en car\u00e1cter de depositario judicial, conforme a las formalidades legales vigentes.<\/p>\n<p>Cabe destacar que el propietario del veh\u00edculo recuperado expres\u00f3 su agradecimiento por el accionar policial, valorando la labor investigativa desarrollada.<\/p>\n<p>Desde la Comisar\u00eda Primera de Goya se reafirma el compromiso en la seguridad ciudadana y la labor de prevenci\u00f3n de ilicitos.<\/p>\n","protected":false},"excerpt":{"rendered":"<p>En el marco de una investigaci\u00f3n por un delito de robo en modalidad de arrebato, efectivos de la Cria 1ra de Goya, llevaron a cabo un allanamiento, mediante el cual se logr\u00f3 el secuestro de los elementos denunciados como sustra\u00eddos, como as\u00ed tambi\u00e9n de la motocicleta utilizada para cometer el hecho. Posteriormente, tras realizar las [&hellip;]<\/p>\n","protected":false},"author":4,"featured_media":141879,"comment_status":"closed","ping_status":"closed","sticky":false,"template":"","format":"standard","meta":{"footnotes":""},"categories":[45],"tags":[],"class_list":{"0":"post-141878","1":"post","2":"type-post","3":"status-publish","4":"format-standard","5":"has-post-thumbnail","7":"category-locales"},"_links":{"self":[{"href":"https:\/\/revistaesperanzas.com\/web\/wp-json\/wp\/v2\/posts\/141878","targetHints":{"allow":["GET"]}}],"collection":[{"href":"https:\/\/revistaesperanzas.com\/web\/wp-json\/wp\/v2\/posts"}],"about":[{"href":"https:\/\/revistaesperanzas.com\/web\/wp-json\/wp\/v2\/types\/post"}],"author":[{"embeddable":true,"href":"https:\/\/revistaesperanzas.com\/web\/wp-json\/wp\/v2\/users\/4"}],"replies":[{"embeddable":true,"href":"https:\/\/revistaesperanzas.com\/web\/wp-json\/wp\/v2\/comments?post=141878"}],"version-history":[{"count":2,"href":"https:\/\/revistaesperanzas.com\/web\/wp-json\/wp\/v2\/posts\/141878\/revisions"}],"predecessor-version":[{"id":141883,"href":"https:\/\/revistaesperanzas.com\/web\/wp-json\/wp\/v2\/posts\/141878\/revisions\/141883"}],"wp:featuredmedia":[{"embeddable":true,"href":"https:\/\/revistaesperanzas.com\/web\/wp-json\/wp\/v2\/media\/141879"}],"wp:attachment":[{"href":"https:\/\/revistaesperanzas.com\/web\/wp-json\/wp\/v2\/media?parent=141878"}],"wp:term":[{"taxonomy":"category","embeddable":true,"href":"https:\/\/revistaesperanzas.com\/web\/wp-json\/wp\/v2\/categories?post=141878"},{"taxonomy":"post_tag","embeddable":true,"href":"https:\/\/revistaesperanzas.com\/web\/wp-json\/wp\/v2\/tags?post=141878"}],"curies":[{"name":"wp","href":"https:\/\/api.w.org\/{rel}","templated":true}]}}