{"id":141906,"date":"2026-01-07T21:33:06","date_gmt":"2026-01-08T00:33:06","guid":{"rendered":"https:\/\/revistaesperanzas.com\/web\/?p=141906"},"modified":"2026-01-07T21:33:06","modified_gmt":"2026-01-08T00:33:06","slug":"torneo-de-beach-voley","status":"publish","type":"post","link":"https:\/\/revistaesperanzas.com\/web\/2026\/01\/torneo-de-beach-voley\/","title":{"rendered":"TORNEO DE BEACH V\u00d3LEY"},"content":{"rendered":"<p style=\"font-weight: 400;\">La Liga Goyana de Beach V\u00f3ley est\u00e1 inscribiendo participantes para el torneo de verano que contar\u00e1 con categor\u00edas de damas y caballeros libres, as\u00ed como cadetes. Hasta el momento hay 30 duplas inscriptas.<\/p>\n<p style=\"font-weight: 400;\">El torneo comenzar\u00e1 el 16 de enero, y las inscripciones se realizan en la Direcci\u00f3n de Deportes, donde se brinda la informaci\u00f3n necesaria. Una vez sorteados los encuentros, se informar\u00e1 a la comunidad para que pueda disfrutar de los partidos en la playa.<\/p>\n<p style=\"font-weight: 400;\">V\u00d3LEY ADAPTADO O NEWCOM<\/p>\n<p style=\"font-weight: 400;\">\u00a0Alejandro Lago, director de Deportes, en p\u00e1rrafo aparte se refiri\u00f3 al v\u00f3ley adaptado o Newcom, y en ese sentido coment\u00f3 que los martes y jueves personas mayores entrenan y hacen una \u201cpretemporada de arena\u201d en la Costanera Norte. &#8220;Siempre los veo entrenando, y eso es muy lindo porque generan comunidad\u201d.<\/p>\n<p style=\"font-weight: 400;\">\u201cLa idea de la escuela de verano es generar este tipo de cosas, que los grupos puedan hacer su propia comunidad y que tengan un capit\u00e1n, para que los motive a la pr\u00e1ctica deportiva. Es una gran satisfacci\u00f3n los resultados que se observan gracias al aporte que hace la Municipalidad a trav\u00e9s de las Escuelas Deportiva con la ense\u00f1anza de diferentes disciplinas\u201d.<\/p>\n","protected":false},"excerpt":{"rendered":"<p>La Liga Goyana de Beach V\u00f3ley est\u00e1 inscribiendo participantes para el torneo de verano que contar\u00e1 con categor\u00edas de damas y caballeros libres, as\u00ed como cadetes. Hasta el momento hay 30 duplas inscriptas. El torneo comenzar\u00e1 el 16 de enero, y las inscripciones se realizan en la Direcci\u00f3n de Deportes, donde se brinda la informaci\u00f3n [&hellip;]<\/p>\n","protected":false},"author":4,"featured_media":141907,"comment_status":"closed","ping_status":"closed","sticky":false,"template":"","format":"standard","meta":{"footnotes":""},"categories":[45],"tags":[],"class_list":{"0":"post-141906","1":"post","2":"type-post","3":"status-publish","4":"format-standard","5":"has-post-thumbnail","7":"category-locales"},"_links":{"self":[{"href":"https:\/\/revistaesperanzas.com\/web\/wp-json\/wp\/v2\/posts\/141906","targetHints":{"allow":["GET"]}}],"collection":[{"href":"https:\/\/revistaesperanzas.com\/web\/wp-json\/wp\/v2\/posts"}],"about":[{"href":"https:\/\/revistaesperanzas.com\/web\/wp-json\/wp\/v2\/types\/post"}],"author":[{"embeddable":true,"href":"https:\/\/revistaesperanzas.com\/web\/wp-json\/wp\/v2\/users\/4"}],"replies":[{"embeddable":true,"href":"https:\/\/revistaesperanzas.com\/web\/wp-json\/wp\/v2\/comments?post=141906"}],"version-history":[{"count":1,"href":"https:\/\/revistaesperanzas.com\/web\/wp-json\/wp\/v2\/posts\/141906\/revisions"}],"predecessor-version":[{"id":141908,"href":"https:\/\/revistaesperanzas.com\/web\/wp-json\/wp\/v2\/posts\/141906\/revisions\/141908"}],"wp:featuredmedia":[{"embeddable":true,"href":"https:\/\/revistaesperanzas.com\/web\/wp-json\/wp\/v2\/media\/141907"}],"wp:attachment":[{"href":"https:\/\/revistaesperanzas.com\/web\/wp-json\/wp\/v2\/media?parent=141906"}],"wp:term":[{"taxonomy":"category","embeddable":true,"href":"https:\/\/revistaesperanzas.com\/web\/wp-json\/wp\/v2\/categories?post=141906"},{"taxonomy":"post_tag","embeddable":true,"href":"https:\/\/revistaesperanzas.com\/web\/wp-json\/wp\/v2\/tags?post=141906"}],"curies":[{"name":"wp","href":"https:\/\/api.w.org\/{rel}","templated":true}]}}