{"id":141909,"date":"2026-01-07T21:38:20","date_gmt":"2026-01-08T00:38:20","guid":{"rendered":"https:\/\/revistaesperanzas.com\/web\/?p=141909"},"modified":"2026-01-07T21:38:20","modified_gmt":"2026-01-08T00:38:20","slug":"una-propuesta-integral-del-programa-disenado-por-la-municipalidad-para-las-vacaciones","status":"publish","type":"post","link":"https:\/\/revistaesperanzas.com\/web\/2026\/01\/una-propuesta-integral-del-programa-disenado-por-la-municipalidad-para-las-vacaciones\/","title":{"rendered":"UNA PROPUESTA INTEGRAL DEL PROGRAMA DISE\u00d1ADO POR LA MUNICIPALIDAD PARA LAS VACACIONES"},"content":{"rendered":"<p style=\"font-weight: 400;\">Escuela de verano<\/p>\n<p style=\"font-weight: 400;\"><strong><em>Un tiempo para aprender, compartir y divertirse juntos<a href=\"https:\/\/revistaesperanzas.com\/web\/2026\/01\/una-propuesta-integral-del-programa-disenado-por-la-municipalidad-para-las-vacaciones\/escuela-de-verano-taller-de-dibujo-y-pintura-2\/\" rel=\"attachment wp-att-141911\"><img loading=\"lazy\" decoding=\"async\" class=\" wp-image-141911 alignleft\" src=\"https:\/\/revistaesperanzas.com\/web\/wp-content\/uploads\/2026\/01\/escuela-de-verano-taller-de-dibujo-y-pintura-2.jpg\" alt=\"\" width=\"400\" height=\"361\" srcset=\"https:\/\/revistaesperanzas.com\/web\/wp-content\/uploads\/2026\/01\/escuela-de-verano-taller-de-dibujo-y-pintura-2.jpg 600w, https:\/\/revistaesperanzas.com\/web\/wp-content\/uploads\/2026\/01\/escuela-de-verano-taller-de-dibujo-y-pintura-2-465x420.jpg 465w\" sizes=\"auto, (max-width: 400px) 100vw, 400px\" \/><\/a><\/em><\/strong><\/p>\n<p style=\"font-weight: 400;\">Esta iniciativa destinada a ofrecer espacios l\u00fadicos, recreativos y de formaci\u00f3n es coordinada desde la Secretar\u00eda de Educaci\u00f3n y despliega diversas propuestas en los barrios de la ciudad, impulsadas a trav\u00e9s de las diferentes \u00e1reas municipales.<\/p>\n<p style=\"font-weight: 400;\">Se pueden mencionar algunas de esas actividades iniciadas en distintos sectores de la ciudad:<\/p>\n<p style=\"font-weight: 400;\">Taller de Dibujo y Arte en el barrio<a href=\"https:\/\/revistaesperanzas.com\/web\/2026\/01\/una-propuesta-integral-del-programa-disenado-por-la-municipalidad-para-las-vacaciones\/escuela-de-verano-ninos-de-los-barrios-arco-iris-y-sarmiento-parque-acuatico-3\/\" rel=\"attachment wp-att-141912\"><img loading=\"lazy\" decoding=\"async\" class=\" wp-image-141912 alignright\" src=\"https:\/\/revistaesperanzas.com\/web\/wp-content\/uploads\/2026\/01\/escuela-de-verano-ninos-de-los-barrios-arco-iris-y-sarmiento-Parque-Acuatico-3.jpg\" alt=\"\" width=\"401\" height=\"378\" srcset=\"https:\/\/revistaesperanzas.com\/web\/wp-content\/uploads\/2026\/01\/escuela-de-verano-ninos-de-los-barrios-arco-iris-y-sarmiento-Parque-Acuatico-3.jpg 599w, https:\/\/revistaesperanzas.com\/web\/wp-content\/uploads\/2026\/01\/escuela-de-verano-ninos-de-los-barrios-arco-iris-y-sarmiento-Parque-Acuatico-3-446x420.jpg 446w\" sizes=\"auto, (max-width: 401px) 100vw, 401px\" \/><\/a> La Rotonda.<\/p>\n<p style=\"font-weight: 400;\">Taller \u201cMi Primer Libro\u201d en el barrio 9 de Julio, a cargo de la Direcci\u00f3n de Fortalecimiento Familiar.<\/p>\n<p style=\"font-weight: 400;\">Taller de juegos recreativos y did\u00e1cticos en el barrio Belgrano, a cargo de la Direcci\u00f3n de Juventud.<\/p>\n<p style=\"font-weight: 400;\">En la jornada del mi\u00e9rcoles, ni\u00f1os pertenecientes a las comunidades de las capillas Guadalupe del barrio Arco Iris y La Merced del barrio Sarmiento disfrutaron del paseo y<a href=\"https:\/\/revistaesperanzas.com\/web\/2026\/01\/una-propuesta-integral-del-programa-disenado-por-la-municipalidad-para-las-vacaciones\/escuela-de-verano-ninos-de-los-barrios-arco-iris-y-sarmiento-parque-acuatico-4\/\" rel=\"attachment wp-att-141913\"><img loading=\"lazy\" decoding=\"async\" class=\" wp-image-141913 alignleft\" src=\"https:\/\/revistaesperanzas.com\/web\/wp-content\/uploads\/2026\/01\/escuela-de-verano-ninos-de-los-barrios-arco-iris-y-sarmiento-Parque-Acuatico-4.jpg\" alt=\"\" width=\"401\" height=\"309\" srcset=\"https:\/\/revistaesperanzas.com\/web\/wp-content\/uploads\/2026\/01\/escuela-de-verano-ninos-de-los-barrios-arco-iris-y-sarmiento-Parque-Acuatico-4.jpg 599w, https:\/\/revistaesperanzas.com\/web\/wp-content\/uploads\/2026\/01\/escuela-de-verano-ninos-de-los-barrios-arco-iris-y-sarmiento-Parque-Acuatico-4-545x420.jpg 545w\" sizes=\"auto, (max-width: 401px) 100vw, 401px\" \/><\/a> los juegos programados para ellos en el Parque Acu\u00e1tico Goya.<\/p>\n<p style=\"font-weight: 400;\">La propuesta integral de la Municipalidad de Goya por medio de la Escuela de Verano busca crear en estas vacaciones \u00e1mbitos apropiados para jugar, aprender, compartir y divertirse juntos.<\/p>\n","protected":false},"excerpt":{"rendered":"<p>Escuela de verano Un tiempo para aprender, compartir y divertirse juntos Esta iniciativa destinada a ofrecer espacios l\u00fadicos, recreativos y de formaci\u00f3n es coordinada desde la Secretar\u00eda de Educaci\u00f3n y despliega diversas propuestas en los barrios de la ciudad, impulsadas a trav\u00e9s de las diferentes \u00e1reas municipales. Se pueden mencionar algunas de esas actividades iniciadas [&hellip;]<\/p>\n","protected":false},"author":4,"featured_media":141910,"comment_status":"closed","ping_status":"closed","sticky":false,"template":"","format":"standard","meta":{"footnotes":""},"categories":[45],"tags":[],"class_list":{"0":"post-141909","1":"post","2":"type-post","3":"status-publish","4":"format-standard","5":"has-post-thumbnail","7":"category-locales"},"_links":{"self":[{"href":"https:\/\/revistaesperanzas.com\/web\/wp-json\/wp\/v2\/posts\/141909","targetHints":{"allow":["GET"]}}],"collection":[{"href":"https:\/\/revistaesperanzas.com\/web\/wp-json\/wp\/v2\/posts"}],"about":[{"href":"https:\/\/revistaesperanzas.com\/web\/wp-json\/wp\/v2\/types\/post"}],"author":[{"embeddable":true,"href":"https:\/\/revistaesperanzas.com\/web\/wp-json\/wp\/v2\/users\/4"}],"replies":[{"embeddable":true,"href":"https:\/\/revistaesperanzas.com\/web\/wp-json\/wp\/v2\/comments?post=141909"}],"version-history":[{"count":2,"href":"https:\/\/revistaesperanzas.com\/web\/wp-json\/wp\/v2\/posts\/141909\/revisions"}],"predecessor-version":[{"id":141915,"href":"https:\/\/revistaesperanzas.com\/web\/wp-json\/wp\/v2\/posts\/141909\/revisions\/141915"}],"wp:featuredmedia":[{"embeddable":true,"href":"https:\/\/revistaesperanzas.com\/web\/wp-json\/wp\/v2\/media\/141910"}],"wp:attachment":[{"href":"https:\/\/revistaesperanzas.com\/web\/wp-json\/wp\/v2\/media?parent=141909"}],"wp:term":[{"taxonomy":"category","embeddable":true,"href":"https:\/\/revistaesperanzas.com\/web\/wp-json\/wp\/v2\/categories?post=141909"},{"taxonomy":"post_tag","embeddable":true,"href":"https:\/\/revistaesperanzas.com\/web\/wp-json\/wp\/v2\/tags?post=141909"}],"curies":[{"name":"wp","href":"https:\/\/api.w.org\/{rel}","templated":true}]}}