{"id":141925,"date":"2026-01-07T21:52:52","date_gmt":"2026-01-08T00:52:52","guid":{"rendered":"https:\/\/revistaesperanzas.com\/web\/?p=141925"},"modified":"2026-01-07T21:52:52","modified_gmt":"2026-01-08T00:52:52","slug":"el-salon-de-la-casa-del-bicentenario-se-pinto-de-carnaval","status":"publish","type":"post","link":"https:\/\/revistaesperanzas.com\/web\/2026\/01\/el-salon-de-la-casa-del-bicentenario-se-pinto-de-carnaval\/","title":{"rendered":"EL SAL\u00d3N DE LA CASA DEL BICENTENARIO SE PINT\u00d3 DE CARNAVAL"},"content":{"rendered":"<p style=\"font-weight: 400;\">Master Class Full Carnaval<\/p>\n<p style=\"font-weight: 400;\">En la tarde del mi\u00e9rcoles, en el Sal\u00f3n de la Casa del Bicentenario la profesora Natalia Tortone brind\u00f3 el taller de capacitaci\u00f3n sobre maquillaje para el carnaval<a href=\"https:\/\/revistaesperanzas.com\/web\/2026\/01\/el-salon-de-la-casa-del-bicentenario-se-pinto-de-carnaval\/master-class-carnaval-casa-bicentenario-1\/\" rel=\"attachment wp-att-141927\"><img loading=\"lazy\" decoding=\"async\" class=\" wp-image-141927 alignleft\" src=\"https:\/\/revistaesperanzas.com\/web\/wp-content\/uploads\/2026\/01\/Master-Class-Carnaval-Casa-Bicentenario-1.jpg\" alt=\"\" width=\"451\" height=\"338\" srcset=\"https:\/\/revistaesperanzas.com\/web\/wp-content\/uploads\/2026\/01\/Master-Class-Carnaval-Casa-Bicentenario-1.jpg 600w, https:\/\/revistaesperanzas.com\/web\/wp-content\/uploads\/2026\/01\/Master-Class-Carnaval-Casa-Bicentenario-1-560x420.jpg 560w, https:\/\/revistaesperanzas.com\/web\/wp-content\/uploads\/2026\/01\/Master-Class-Carnaval-Casa-Bicentenario-1-80x60.jpg 80w, https:\/\/revistaesperanzas.com\/web\/wp-content\/uploads\/2026\/01\/Master-Class-Carnaval-Casa-Bicentenario-1-265x198.jpg 265w\" sizes=\"auto, (max-width: 451px) 100vw, 451px\" \/><\/a><\/p>\n<p style=\"font-weight: 400;\">Cerca de un centenar de personas participaron de este espacio donde la disertante se encarg\u00f3 de dar a conocer Tips sobre t\u00e9cnicas para el maquillaje destinada a las bailarinas de comparsas<\/p>\n<p style=\"font-weight: 400;\">En la presentaci\u00f3n Natalia Tortone, agradeci\u00f3 la oportunidad generada desde las Escuelas Municipales,<a href=\"https:\/\/revistaesperanzas.com\/web\/2026\/01\/el-salon-de-la-casa-del-bicentenario-se-pinto-de-carnaval\/master-class-carnaval-casa-bicentenario-4\/\" rel=\"attachment wp-att-141928\"><img loading=\"lazy\" decoding=\"async\" class=\" wp-image-141928 alignright\" src=\"https:\/\/revistaesperanzas.com\/web\/wp-content\/uploads\/2026\/01\/Master-Class-Carnaval-Casa-Bicentenario-4.jpg\" alt=\"\" width=\"450\" height=\"381\" srcset=\"https:\/\/revistaesperanzas.com\/web\/wp-content\/uploads\/2026\/01\/Master-Class-Carnaval-Casa-Bicentenario-4.jpg 600w, https:\/\/revistaesperanzas.com\/web\/wp-content\/uploads\/2026\/01\/Master-Class-Carnaval-Casa-Bicentenario-4-496x420.jpg 496w\" sizes=\"auto, (max-width: 450px) 100vw, 450px\" \/><\/a> destacando el apoyo de la Secretaria de Educaci\u00f3n Sonia Espina, a la Municipalidad por la provisi\u00f3n de los insumos para desarrollar la Master Class.<\/p>\n<p style=\"font-weight: 400;\">Durante la presentaci\u00f3n del curso de capacitaci\u00f3n, la capacitadora agradeci\u00f3 la presencia y acompa\u00f1amiento de sus \u201cex alumnas\u201d, se\u00f1alando que la mayor\u00eda de ellas, en la actualidad est\u00e1n<a href=\"https:\/\/revistaesperanzas.com\/web\/2026\/01\/el-salon-de-la-casa-del-bicentenario-se-pinto-de-carnaval\/master-class-carnaval-casa-bicentenario-5\/\" rel=\"attachment wp-att-141929\"><img loading=\"lazy\" decoding=\"async\" class=\" wp-image-141929 alignleft\" src=\"https:\/\/revistaesperanzas.com\/web\/wp-content\/uploads\/2026\/01\/Master-Class-Carnaval-Casa-Bicentenario-5.jpg\" alt=\"\" width=\"450\" height=\"368\" srcset=\"https:\/\/revistaesperanzas.com\/web\/wp-content\/uploads\/2026\/01\/Master-Class-Carnaval-Casa-Bicentenario-5.jpg 599w, https:\/\/revistaesperanzas.com\/web\/wp-content\/uploads\/2026\/01\/Master-Class-Carnaval-Casa-Bicentenario-5-513x420.jpg 513w\" sizes=\"auto, (max-width: 450px) 100vw, 450px\" \/><\/a> \u201cdedicadas a este trabajo, de maquilladoras sociales, maquilladoras profesionales, de all\u00ed la importancia de la oportunidad que brinda este espacio formativo, otorgando herramientas de manera personal y con la posibilidad de crear un proyecto productivo, en esta jornada full, intensa trataremos de dar todos los elementos para una mejor utilizaci\u00f3n de los elementos e insumos para<a href=\"https:\/\/revistaesperanzas.com\/web\/2026\/01\/el-salon-de-la-casa-del-bicentenario-se-pinto-de-carnaval\/master-class-carnaval-casa-bicentenario-3\/\" rel=\"attachment wp-att-141930\"><img loading=\"lazy\" decoding=\"async\" class=\" wp-image-141930 alignright\" src=\"https:\/\/revistaesperanzas.com\/web\/wp-content\/uploads\/2026\/01\/Master-Class-Carnaval-Casa-Bicentenario-3.jpg\" alt=\"\" width=\"451\" height=\"338\" srcset=\"https:\/\/revistaesperanzas.com\/web\/wp-content\/uploads\/2026\/01\/Master-Class-Carnaval-Casa-Bicentenario-3.jpg 600w, https:\/\/revistaesperanzas.com\/web\/wp-content\/uploads\/2026\/01\/Master-Class-Carnaval-Casa-Bicentenario-3-560x420.jpg 560w, https:\/\/revistaesperanzas.com\/web\/wp-content\/uploads\/2026\/01\/Master-Class-Carnaval-Casa-Bicentenario-3-80x60.jpg 80w, https:\/\/revistaesperanzas.com\/web\/wp-content\/uploads\/2026\/01\/Master-Class-Carnaval-Casa-Bicentenario-3-265x198.jpg 265w\" sizes=\"auto, (max-width: 451px) 100vw, 451px\" \/><\/a> lograr un buen maquillaje.\u201d<\/p>\n<p style=\"font-weight: 400;\">Con el aporte de la modelo tra\u00edda por la profesora Natalia Tortone, los presentes pudieron incorporar el conocimiento y la t\u00e9cnica espec\u00edfica para el maquillaje de carnaval.<\/p>\n<p style=\"font-weight: 400;\">De la Master Class Full Carnaval se pudo apreciar muchas personas vinculadas a las comparsas locales fueron parte de la capacitaci\u00f3n adem\u00e1s de interesados que pudieron asimilar en el aprendizaje todo lo referido a esta actividad.<\/p>\n<p style=\"font-weight: 400;\">Al finalizar la clase los participantes recibieron su correspondiente certificaci\u00f3n.<\/p>\n","protected":false},"excerpt":{"rendered":"<p>Master Class Full Carnaval En la tarde del mi\u00e9rcoles, en el Sal\u00f3n de la Casa del Bicentenario la profesora Natalia Tortone brind\u00f3 el taller de capacitaci\u00f3n sobre maquillaje para el carnaval Cerca de un centenar de personas participaron de este espacio donde la disertante se encarg\u00f3 de dar a conocer Tips sobre t\u00e9cnicas para el [&hellip;]<\/p>\n","protected":false},"author":4,"featured_media":141926,"comment_status":"closed","ping_status":"closed","sticky":false,"template":"","format":"standard","meta":{"footnotes":""},"categories":[45],"tags":[],"class_list":{"0":"post-141925","1":"post","2":"type-post","3":"status-publish","4":"format-standard","5":"has-post-thumbnail","7":"category-locales"},"_links":{"self":[{"href":"https:\/\/revistaesperanzas.com\/web\/wp-json\/wp\/v2\/posts\/141925","targetHints":{"allow":["GET"]}}],"collection":[{"href":"https:\/\/revistaesperanzas.com\/web\/wp-json\/wp\/v2\/posts"}],"about":[{"href":"https:\/\/revistaesperanzas.com\/web\/wp-json\/wp\/v2\/types\/post"}],"author":[{"embeddable":true,"href":"https:\/\/revistaesperanzas.com\/web\/wp-json\/wp\/v2\/users\/4"}],"replies":[{"embeddable":true,"href":"https:\/\/revistaesperanzas.com\/web\/wp-json\/wp\/v2\/comments?post=141925"}],"version-history":[{"count":2,"href":"https:\/\/revistaesperanzas.com\/web\/wp-json\/wp\/v2\/posts\/141925\/revisions"}],"predecessor-version":[{"id":141932,"href":"https:\/\/revistaesperanzas.com\/web\/wp-json\/wp\/v2\/posts\/141925\/revisions\/141932"}],"wp:featuredmedia":[{"embeddable":true,"href":"https:\/\/revistaesperanzas.com\/web\/wp-json\/wp\/v2\/media\/141926"}],"wp:attachment":[{"href":"https:\/\/revistaesperanzas.com\/web\/wp-json\/wp\/v2\/media?parent=141925"}],"wp:term":[{"taxonomy":"category","embeddable":true,"href":"https:\/\/revistaesperanzas.com\/web\/wp-json\/wp\/v2\/categories?post=141925"},{"taxonomy":"post_tag","embeddable":true,"href":"https:\/\/revistaesperanzas.com\/web\/wp-json\/wp\/v2\/tags?post=141925"}],"curies":[{"name":"wp","href":"https:\/\/api.w.org\/{rel}","templated":true}]}}