{"id":141939,"date":"2026-01-07T22:15:47","date_gmt":"2026-01-08T01:15:47","guid":{"rendered":"https:\/\/revistaesperanzas.com\/web\/?p=141939"},"modified":"2026-01-07T22:15:47","modified_gmt":"2026-01-08T01:15:47","slug":"inicio-taller-de-verano-mi-primer-libro-en-sum-del-barrio-9-de-julio","status":"publish","type":"post","link":"https:\/\/revistaesperanzas.com\/web\/2026\/01\/inicio-taller-de-verano-mi-primer-libro-en-sum-del-barrio-9-de-julio\/","title":{"rendered":"INICIO TALLER DE VERANO &#8220;MI PRIMER LIBRO\u201d EN SUM DEL BARRIO 9 DE JULIO"},"content":{"rendered":"<p class=\"x_MsoNormal\"><span data-olk-copy-source=\"MessageBody\">Direcci\u00f3n de Fortalecimiento Familiar:<\/span><\/p>\n<p class=\"x_MsoNormal\">Con notable \u00e9xito en cuanto a convocatoria, este martes dio inicio el taller de verano, en sede del barrio 9 de Julio, &#8220;Mi primer Libro&#8221;.\u00a0 Los interesados a\u00fan pueden sumarse el pr\u00f3ximo martes en el horario de 17.30 a 18.30 hs<a href=\"https:\/\/revistaesperanzas.com\/web\/2026\/01\/inicio-taller-de-verano-mi-primer-libro-en-sum-del-barrio-9-de-julio\/taller-dibujo-y-arte-barrio-aeroclub-2\/\" rel=\"attachment wp-att-141941\"><img loading=\"lazy\" decoding=\"async\" class=\" wp-image-141941 alignleft\" src=\"https:\/\/revistaesperanzas.com\/web\/wp-content\/uploads\/2026\/01\/Taller-Dibujo-y-arte-Barrio-Aeroclub-2.jpg\" alt=\"\" width=\"450\" height=\"347\" srcset=\"https:\/\/revistaesperanzas.com\/web\/wp-content\/uploads\/2026\/01\/Taller-Dibujo-y-arte-Barrio-Aeroclub-2.jpg 599w, https:\/\/revistaesperanzas.com\/web\/wp-content\/uploads\/2026\/01\/Taller-Dibujo-y-arte-Barrio-Aeroclub-2-545x420.jpg 545w\" sizes=\"auto, (max-width: 450px) 100vw, 450px\" \/><\/a><\/p>\n<p class=\"x_MsoNormal\">La direcci\u00f3n de Fortalecimiento Familiar y la secretaria de Educaci\u00f3n han dise\u00f1ado dos actividades una de ellas llamada\u00a0\u00a0 &#8220;MI PRIMER LIBRO&#8221;, taller para ni\u00f1os desde los 12 a 16 a\u00f1os.<\/p>\n<p class=\"x_MsoNormal\">Desde este martes 06 de enero y todos los martes se lleva a cabo esta actividad en Sede Barrio 9 de Julio,<a href=\"https:\/\/revistaesperanzas.com\/web\/2026\/01\/inicio-taller-de-verano-mi-primer-libro-en-sum-del-barrio-9-de-julio\/taller-dibujo-y-arte-barrio-aeroclub-1\/\" rel=\"attachment wp-att-141942\"><img loading=\"lazy\" decoding=\"async\" class=\" wp-image-141942 alignright\" src=\"https:\/\/revistaesperanzas.com\/web\/wp-content\/uploads\/2026\/01\/Taller-Dibujo-y-arte-Barrio-Aeroclub-1.jpg\" alt=\"\" width=\"451\" height=\"319\" srcset=\"https:\/\/revistaesperanzas.com\/web\/wp-content\/uploads\/2026\/01\/Taller-Dibujo-y-arte-Barrio-Aeroclub-1.jpg 600w, https:\/\/revistaesperanzas.com\/web\/wp-content\/uploads\/2026\/01\/Taller-Dibujo-y-arte-Barrio-Aeroclub-1-594x420.jpg 594w, https:\/\/revistaesperanzas.com\/web\/wp-content\/uploads\/2026\/01\/Taller-Dibujo-y-arte-Barrio-Aeroclub-1-100x70.jpg 100w\" sizes=\"auto, (max-width: 451px) 100vw, 451px\" \/><\/a> Formosa y Pago Largo, en horario de 17:30 a 18:30.<\/p>\n<p class=\"x_MsoNormal\">&#8220;AJEDREZ EN VACACIONES&#8221;<\/p>\n<p class=\"x_MsoNormal\">Otra de las actividades planteadas es promover encuentros de ajedrez, propuesta pedag\u00f3gica y recreativa que en Goya cuenta con much\u00edsimos adeptos al \u201cJuego Ciencia\u201d.<a href=\"https:\/\/revistaesperanzas.com\/web\/2026\/01\/inicio-taller-de-verano-mi-primer-libro-en-sum-del-barrio-9-de-julio\/taller-cortos-animados-3d-en-itg\/\" rel=\"attachment wp-att-141943\"><img loading=\"lazy\" decoding=\"async\" class=\" wp-image-141943 alignleft\" src=\"https:\/\/revistaesperanzas.com\/web\/wp-content\/uploads\/2026\/01\/taller-cortos-animados-3D-en-ITG.jpg\" alt=\"\" width=\"450\" height=\"276\" \/><\/a><\/p>\n<p class=\"x_MsoNormal\">Este Taller est\u00e1 dividido en dos grupos: de 8 a 12 a\u00f1os y 13 a 16 a\u00f1os. Lugar: Sede Barrio Matadero, calle Empedrado y Mart\u00edn Fierro los d\u00edas jueves de 17:30 a 18:30 horas.<\/p>\n<p class=\"x_MsoNormal\">Los interesados pueden escribir para m\u00e1s Info al WhatsApp 3777-821014 o acudir a la sede de los citados barrios en esos horarios.<\/p>\n<p class=\"x_MsoNormal\">\n","protected":false},"excerpt":{"rendered":"<p>Direcci\u00f3n de Fortalecimiento Familiar: Con notable \u00e9xito en cuanto a convocatoria, este martes dio inicio el taller de verano, en sede del barrio 9 de Julio, &#8220;Mi primer Libro&#8221;.\u00a0 Los interesados a\u00fan pueden sumarse el pr\u00f3ximo martes en el horario de 17.30 a 18.30 hs La direcci\u00f3n de Fortalecimiento Familiar y la secretaria de Educaci\u00f3n [&hellip;]<\/p>\n","protected":false},"author":4,"featured_media":141940,"comment_status":"closed","ping_status":"closed","sticky":false,"template":"","format":"standard","meta":{"footnotes":""},"categories":[45],"tags":[],"class_list":{"0":"post-141939","1":"post","2":"type-post","3":"status-publish","4":"format-standard","5":"has-post-thumbnail","7":"category-locales"},"_links":{"self":[{"href":"https:\/\/revistaesperanzas.com\/web\/wp-json\/wp\/v2\/posts\/141939","targetHints":{"allow":["GET"]}}],"collection":[{"href":"https:\/\/revistaesperanzas.com\/web\/wp-json\/wp\/v2\/posts"}],"about":[{"href":"https:\/\/revistaesperanzas.com\/web\/wp-json\/wp\/v2\/types\/post"}],"author":[{"embeddable":true,"href":"https:\/\/revistaesperanzas.com\/web\/wp-json\/wp\/v2\/users\/4"}],"replies":[{"embeddable":true,"href":"https:\/\/revistaesperanzas.com\/web\/wp-json\/wp\/v2\/comments?post=141939"}],"version-history":[{"count":2,"href":"https:\/\/revistaesperanzas.com\/web\/wp-json\/wp\/v2\/posts\/141939\/revisions"}],"predecessor-version":[{"id":141945,"href":"https:\/\/revistaesperanzas.com\/web\/wp-json\/wp\/v2\/posts\/141939\/revisions\/141945"}],"wp:featuredmedia":[{"embeddable":true,"href":"https:\/\/revistaesperanzas.com\/web\/wp-json\/wp\/v2\/media\/141940"}],"wp:attachment":[{"href":"https:\/\/revistaesperanzas.com\/web\/wp-json\/wp\/v2\/media?parent=141939"}],"wp:term":[{"taxonomy":"category","embeddable":true,"href":"https:\/\/revistaesperanzas.com\/web\/wp-json\/wp\/v2\/categories?post=141939"},{"taxonomy":"post_tag","embeddable":true,"href":"https:\/\/revistaesperanzas.com\/web\/wp-json\/wp\/v2\/tags?post=141939"}],"curies":[{"name":"wp","href":"https:\/\/api.w.org\/{rel}","templated":true}]}}