{"id":141947,"date":"2026-01-08T09:37:16","date_gmt":"2026-01-08T12:37:16","guid":{"rendered":"https:\/\/revistaesperanzas.com\/web\/?p=141947"},"modified":"2026-01-08T09:37:16","modified_gmt":"2026-01-08T12:37:16","slug":"choque-fatal-en-ruta-6-un-jefe-de-la-policia-federal-dio-positivo-de-alcohol-y-la-justicia-lo-dejo-libre","status":"publish","type":"post","link":"https:\/\/revistaesperanzas.com\/web\/2026\/01\/choque-fatal-en-ruta-6-un-jefe-de-la-policia-federal-dio-positivo-de-alcohol-y-la-justicia-lo-dejo-libre\/","title":{"rendered":"CHOQUE FATAL EN RUTA 6: UN JEFE DE LA POLIC\u00cdA FEDERAL DI\u00d3 POSITIVO DE ALCOHOL Y LA JUSTICIA LO DEJ\u00d3 LIBRE"},"content":{"rendered":"<p data-t=\"{&quot;n&quot;:&quot;blueLinks&quot;,&quot;t&quot;:13,&quot;a&quot;:&quot;click&quot;,&quot;b&quot;:76}\">La madrugada del s\u00e1bado 3 de enero termin\u00f3 en tragedia sobre la\u00a0<strong>ruta provincial 6<\/strong>, a la altura de Open Door. Un jefe de la\u00a0<a href=\"https:\/\/www.perfil.com\/noticias\/politica\/bullrich-crea-la-carrera-de-investigador-del-delito-para-profesionales.phtml\" target=\"_blank\" rel=\"noopener\" data-t=\"{&quot;n&quot;:&quot;destination&quot;,&quot;t&quot;:13,&quot;a&quot;:&quot;click&quot;,&quot;b&quot;:1,&quot;c.t&quot;:7}\"><strong>Polic\u00eda Federal Argentina<\/strong><\/a>\u00a0que conduc\u00eda alcoholizado se cruz\u00f3 de carril, choc\u00f3 de frente contra un auto familiar y provoc\u00f3 la muerte de Vanesa Escalante, de 36 a\u00f1os. Pese a la gravedad del hecho y al pedido de la fiscal para que permanezca detenido, el efectivo fue liberado por decisi\u00f3n judicial.<\/p>\n<div class=\"intra-article-module\" data-t=\"{&quot;n&quot;:&quot;intraArticle&quot;,&quot;t&quot;:13}\">\n<div class=\"articlePageIntraArticleFullWidth ad-slot-placeholder left-image-intra-ad full-bleed-image-intra-ad\" data-ad-index=\"0\">\n<div class=\"intra-article-ad-full left-image-intra-ad full-bleed-image-intra-ad\">\n<div><\/div>\n<\/div>\n<\/div>\n<\/div>\n<p class=\"continue-read-break\" data-t=\"{&quot;n&quot;:&quot;blueLinks&quot;,&quot;t&quot;:13,&quot;a&quot;:&quot;click&quot;,&quot;b&quot;:76}\">El juez de Garant\u00edas\u00a0<strong>Luis Marcelo Giacoia<\/strong>\u00a0rechaz\u00f3 el planteo de la fiscal\u00a0<strong>Mariana Su\u00e1rez<\/strong>\u00a0para convertir la aprehensi\u00f3n del efectivo en detenci\u00f3n, al considerar que la medida resultaba \u201cdesproporcionada\u201d. De ese modo,\u00a0<strong>Gast\u00f3n Maximiliano Montepeloso\u00a0<\/strong>(38) fue liberado, aunque contin\u00faa imputado por homicidio culposo agravado por la conducci\u00f3n imprudente y negligente de un veh\u00edculo automotor, en concurso real con lesiones culposas.<\/p>\n<div>\n<div class=\"article-image-slot image-slot-placeholder\" data-doc-id=\"cms\/api\/amp\/image\/AA1TLjOz\">\n<div class=\"article-image-slot\">\n<div class=\"article-image-container in-div polished\" data-t=\"{&quot;n&quot;:&quot;OpenModal&quot;,&quot;t&quot;:13,&quot;b&quot;:8,&quot;c.i&quot;:&quot;AA1TLCGM&quot;,&quot;c.l&quot;:false,&quot;c.t&quot;:13,&quot;c.v&quot;:&quot;news&quot;,&quot;c.c&quot;:&quot;newsargentina&quot;,&quot;c.b&quot;:&quot;Perfil&quot;,&quot;c.bi&quot;:&quot;BBQEqNT&quot;,&quot;c.tv&quot;:&quot;public-safety-and-emergencies&quot;,&quot;c.tc&quot;:&quot;traffic-and-transportation-incidents&quot;,&quot;c.hl&quot;:&quot;Choque fatal en la ruta 6: un jefe de la Federal dio positivo de alcohol y la Justicia lo dej\u00f3 libre&quot;}\" data-test-id=\"AA1TLjOz\"><button class=\"article-image-height-wrapper expandable article-image-height-wrapper-new\" data-customhandled=\"true\" data-t=\"{&quot;n&quot;:&quot;OpenModalButton&quot;,&quot;a&quot;:&quot;click&quot;,&quot;b&quot;:1,&quot;c.i&quot;:&quot;AA1TLCGM&quot;,&quot;c.l&quot;:false,&quot;c.t&quot;:13,&quot;c.v&quot;:&quot;news&quot;,&quot;c.c&quot;:&quot;newsargentina&quot;,&quot;c.b&quot;:&quot;Perfil&quot;,&quot;c.bi&quot;:&quot;BBQEqNT&quot;,&quot;c.tv&quot;:&quot;public-safety-and-emergencies&quot;,&quot;c.tc&quot;:&quot;traffic-and-transportation-incidents&quot;,&quot;c.hl&quot;:&quot;Choque fatal en la ruta 6: un jefe de la Federal dio positivo de alcohol y la Justicia lo dej\u00f3 libre&quot;}\"><img decoding=\"async\" class=\"article-image article-image-ux-impr article-image-new expandable\" title=\"Gast\u00f3n Maximiliano Montepeloso (38), jefe de la Polic\u00eda Federal, fue liberado por decisi\u00f3n judicial y contin\u00faa imputado por homicidio culposo agravado y lesiones culposas.\" src=\"https:\/\/img-s-msn-com.akamaized.net\/tenant\/amp\/entityid\/AA1TLjOz.img?w=768&amp;h=431&amp;m=6&amp;x=110&amp;y=74&amp;s=120&amp;d=120\" alt=\"Gast\u00f3n Maximiliano Montepeloso (38), jefe de la Polic\u00eda Federal, fue liberado por decisi\u00f3n judicial y contin\u00faa imputado por homicidio culposo agravado y lesiones culposas.\" \/><\/button><\/p>\n<div class=\"image-caption-container image-caption-container-ux-impr articlewc-image-caption-container\"><span class=\"image-caption\">Gast\u00f3n Maximiliano Montepeloso (38), jefe de la Polic\u00eda Federal, fue liberado por decisi\u00f3n judicial y contin\u00faa imputado por homicidio culposo agravado y lesiones culposas.<\/span><\/div>\n<\/div>\n<\/div>\n<\/div>\n<\/div>\n<h2 class=\"article-sub-heading\">El choque<\/h2>\n<p data-t=\"{&quot;n&quot;:&quot;blueLinks&quot;,&quot;t&quot;:13,&quot;a&quot;:&quot;click&quot;,&quot;b&quot;:76}\">El siniestro ocurri\u00f3 sobre la ruta provincial 6, a la altura del Polo Club La Ca\u00f1ada, en la localidad bonaerense de Open Door. De acuerdo con las pericias y los registros de las c\u00e1maras de seguridad de la zona, Montepeloso conduc\u00eda un Honda Civic cuando cruz\u00f3 al carril contrario e impact\u00f3 de frente contra un Chevrolet Prisma en el que viajaba la v\u00edctima y su familia, de General Rodr\u00edguez.<\/p>\n<div class=\"intra-article-module\" data-t=\"{&quot;n&quot;:&quot;intraArticle&quot;,&quot;t&quot;:13}\">\n<div class=\"articlePageIntraArticleFullWidth ad-slot-placeholder left-image-intra-ad full-bleed-image-intra-ad collapsed\" data-ad-index=\"1\">\n<div class=\"intra-article-ad-full left-image-intra-ad full-bleed-image-intra-ad\">\n<div class=\"full-bleed-image-intra-ad\">\n<div class=\"content no-image\">\n<div class=\"text\">\n<div class=\"ad-provider-and-sponsored-text-container\">\n<div class=\"ad-provider\">En el veh\u00edculo embestido se encontraban <strong>Marcelo Emmi (38)<\/strong>, su esposa\u00a0<strong>Vanesa Escalante\u00a0<\/strong>y la hija de ambos, de 14 a\u00f1os. Como consecuencia del impacto, Escalante muri\u00f3 en el lugar, mientras que su esposo y la adolescente fueron trasladados con lesiones al Hospital Zonal de Luj\u00e1n.<\/div>\n<\/div>\n<\/div>\n<\/div>\n<\/div>\n<\/div>\n<\/div>\n<\/div>\n<p data-t=\"{&quot;n&quot;:&quot;blueLinks&quot;,&quot;t&quot;:13,&quot;a&quot;:&quot;click&quot;,&quot;b&quot;:76}\">El test de alcoholemia realizado al conductor del Civic arroj\u00f3 un resultado de\u00a0<strong>0,48<\/strong>\u00a0gramos de alcohol por litro de sangre.\u00a0<strong>En la provincia de Buenos Aires rige la ley de alcohol cero al volante.<\/strong><\/p>\n<p class=\"destacadoNota\" data-t=\"{&quot;n&quot;:&quot;blueLinks&quot;,&quot;t&quot;:13,&quot;a&quot;:&quot;click&quot;,&quot;b&quot;:76}\"><a href=\"https:\/\/www.perfil.com\/noticias\/nea\/detuvieron-a-siete-policias-por-el-presunto-desvio-de-nueve-kilos-de-droga-durante-un-operativo-federal-en-chaco.phtml\" target=\"_blank\" rel=\"noopener\" data-t=\"{&quot;n&quot;:&quot;destination&quot;,&quot;t&quot;:13,&quot;a&quot;:&quot;click&quot;,&quot;b&quot;:1,&quot;c.t&quot;:7}\">Detuvieron a siete polic\u00edas por el presunto desv\u00edo de nueve kilos de droga durante un operativo federal en Chaco<\/a><\/p>\n<p data-t=\"{&quot;n&quot;:&quot;blueLinks&quot;,&quot;t&quot;:13,&quot;a&quot;:&quot;click&quot;,&quot;b&quot;:76}\">Con los resultados de las pericias incorporados al expediente, la fiscal solicit\u00f3 que Montepeloso pase de aprehendido a detenido. Sin embargo, el juez Giacoia desestim\u00f3 el pedido y dispuso su inmediata libertad, bajo una serie de condiciones.<\/p>\n<div>\n<div class=\"article-image-slot image-slot-placeholder\" data-doc-id=\"cms\/api\/amp\/image\/AA1TLtvz\">\n<div class=\"article-image-slot\">\n<div class=\"article-image-container in-div polished\" data-t=\"{&quot;n&quot;:&quot;OpenModal&quot;,&quot;t&quot;:13,&quot;b&quot;:8,&quot;c.i&quot;:&quot;AA1TLCGM&quot;,&quot;c.l&quot;:false,&quot;c.t&quot;:13,&quot;c.v&quot;:&quot;news&quot;,&quot;c.c&quot;:&quot;newsargentina&quot;,&quot;c.b&quot;:&quot;Perfil&quot;,&quot;c.bi&quot;:&quot;BBQEqNT&quot;,&quot;c.tv&quot;:&quot;public-safety-and-emergencies&quot;,&quot;c.tc&quot;:&quot;traffic-and-transportation-incidents&quot;,&quot;c.hl&quot;:&quot;Choque fatal en la ruta 6: un jefe de la Federal dio positivo de alcohol y la Justicia lo dej\u00f3 libre&quot;}\" data-test-id=\"AA1TLtvz\"><button class=\"article-image-height-wrapper expandable article-image-height-wrapper-new\" data-customhandled=\"true\" data-t=\"{&quot;n&quot;:&quot;OpenModalButton&quot;,&quot;a&quot;:&quot;click&quot;,&quot;b&quot;:1,&quot;c.i&quot;:&quot;AA1TLCGM&quot;,&quot;c.l&quot;:false,&quot;c.t&quot;:13,&quot;c.v&quot;:&quot;news&quot;,&quot;c.c&quot;:&quot;newsargentina&quot;,&quot;c.b&quot;:&quot;Perfil&quot;,&quot;c.bi&quot;:&quot;BBQEqNT&quot;,&quot;c.tv&quot;:&quot;public-safety-and-emergencies&quot;,&quot;c.tc&quot;:&quot;traffic-and-transportation-incidents&quot;,&quot;c.hl&quot;:&quot;Choque fatal en la ruta 6: un jefe de la Federal dio positivo de alcohol y la Justicia lo dej\u00f3 libre&quot;}\"><img decoding=\"async\" class=\"article-image article-image-ux-impr article-image-new expandable\" title=\"Vanesa Escalante muri\u00f3 en el acto y su esposo y su hija de 14 a\u00f1os resultaron heridos.\" src=\"https:\/\/img-s-msn-com.akamaized.net\/tenant\/amp\/entityid\/AA1TLtvz.img?w=768&amp;h=431&amp;m=6&amp;x=162&amp;y=54&amp;s=459&amp;d=423\" alt=\"Vanesa Escalante muri\u00f3 en el acto y su esposo y su hija de 14 a\u00f1os resultaron heridos.\" \/><\/button><\/p>\n<div class=\"image-caption-container image-caption-container-ux-impr articlewc-image-caption-container\"><span class=\"image-caption\">Vanesa Escalante muri\u00f3 en el acto y su esposo y su hija de 14 a\u00f1os resultaron heridos.<\/span><\/div>\n<\/div>\n<\/div>\n<\/div>\n<\/div>\n<p data-t=\"{&quot;n&quot;:&quot;blueLinks&quot;,&quot;t&quot;:13,&quot;a&quot;:&quot;click&quot;,&quot;b&quot;:76}\">Entre ellas, el imputado deber\u00e1 fijar domicilio y no modificarlo sin autorizaci\u00f3n judicial, comparecer ante cada citaci\u00f3n del proceso, entregar su licencia de conducir \u2014que ser\u00e1 remitida al juzgado\u2014 y abstenerse de mantener cualquier tipo de contacto, directo o indirecto, con las v\u00edctimas, sus familiares y los testigos del caso.<\/p>\n<p data-t=\"{&quot;n&quot;:&quot;blueLinks&quot;,&quot;t&quot;:13,&quot;a&quot;:&quot;click&quot;,&quot;b&quot;:76}\">En su resoluci\u00f3n, el magistrado sostuvo que la detenci\u00f3n solicitada \u201cexcede los l\u00edmites legales\u201d, aunque dej\u00f3 firme la imputaci\u00f3n penal.<\/p>\n<h2 class=\"article-sub-heading\">La investigaci\u00f3n<\/h2>\n<p data-t=\"{&quot;n&quot;:&quot;blueLinks&quot;,&quot;t&quot;:13,&quot;a&quot;:&quot;click&quot;,&quot;b&quot;:76}\">Montepeloso se desempe\u00f1aba como jefe de la\u00a0<strong>Divisi\u00f3n Unidad Operativa Federal<\/strong>\u00a0(DUOF) de la Polic\u00eda Federal en Rafaela, Santa Fe. Tras el hecho, la PFA lo pas\u00f3 a disponibilidad y le inici\u00f3 un sumario administrativo interno para determinar responsabilidades disciplinarias.<\/p>\n<p data-t=\"{&quot;n&quot;:&quot;blueLinks&quot;,&quot;t&quot;:13,&quot;a&quot;:&quot;click&quot;,&quot;b&quot;:76}\">En el Honda Civic tambi\u00e9n viajaba su pareja,\u00a0<strong>Romina Riedel<\/strong>\u00a0(32), polic\u00eda federal y bombera voluntaria, quien result\u00f3 herida y fue trasladada al hospital.<\/p>\n<p data-t=\"{&quot;n&quot;:&quot;blueLinks&quot;,&quot;t&quot;:13,&quot;a&quot;:&quot;click&quot;,&quot;b&quot;:76}\">La causa est\u00e1 a cargo de la fiscal\u00eda descentralizada de Luj\u00e1n y en las pericias interviene la Sub DDI local. Adem\u00e1s, las autoridades investigan la participaci\u00f3n de un tercer veh\u00edculo que, seg\u00fan consta en el expediente, se dio a la fuga tras el choque fatal.<\/p>\n<p data-t=\"{&quot;n&quot;:&quot;blueLinks&quot;,&quot;t&quot;:13,&quot;a&quot;:&quot;click&quot;,&quot;b&quot;:76}\">Mientras avanza el proceso judicial, la familia de la v\u00edctima y allegados expresaron su indignaci\u00f3n por la decisi\u00f3n judicial, en un caso que volvi\u00f3 a poner en el centro del debate la conducci\u00f3n bajo los efectos del alcohol y el alcance de las medidas judiciales ante siniestros viales con v\u00edctimas fatales.<\/p>\n<p data-t=\"{&quot;n&quot;:&quot;blueLinks&quot;,&quot;t&quot;:13,&quot;a&quot;:&quot;click&quot;,&quot;b&quot;:76}\">gd CP<\/p>\n","protected":false},"excerpt":{"rendered":"<p>La madrugada del s\u00e1bado 3 de enero termin\u00f3 en tragedia sobre la\u00a0ruta provincial 6, a la altura de Open Door. Un jefe de la\u00a0Polic\u00eda Federal Argentina\u00a0que conduc\u00eda alcoholizado se cruz\u00f3 de carril, choc\u00f3 de frente contra un auto familiar y provoc\u00f3 la muerte de Vanesa Escalante, de 36 a\u00f1os. Pese a la gravedad del hecho [&hellip;]<\/p>\n","protected":false},"author":4,"featured_media":141948,"comment_status":"closed","ping_status":"closed","sticky":false,"template":"","format":"standard","meta":{"footnotes":""},"categories":[4],"tags":[],"class_list":{"0":"post-141947","1":"post","2":"type-post","3":"status-publish","4":"format-standard","5":"has-post-thumbnail","7":"category-nacionales"},"_links":{"self":[{"href":"https:\/\/revistaesperanzas.com\/web\/wp-json\/wp\/v2\/posts\/141947","targetHints":{"allow":["GET"]}}],"collection":[{"href":"https:\/\/revistaesperanzas.com\/web\/wp-json\/wp\/v2\/posts"}],"about":[{"href":"https:\/\/revistaesperanzas.com\/web\/wp-json\/wp\/v2\/types\/post"}],"author":[{"embeddable":true,"href":"https:\/\/revistaesperanzas.com\/web\/wp-json\/wp\/v2\/users\/4"}],"replies":[{"embeddable":true,"href":"https:\/\/revistaesperanzas.com\/web\/wp-json\/wp\/v2\/comments?post=141947"}],"version-history":[{"count":1,"href":"https:\/\/revistaesperanzas.com\/web\/wp-json\/wp\/v2\/posts\/141947\/revisions"}],"predecessor-version":[{"id":141949,"href":"https:\/\/revistaesperanzas.com\/web\/wp-json\/wp\/v2\/posts\/141947\/revisions\/141949"}],"wp:featuredmedia":[{"embeddable":true,"href":"https:\/\/revistaesperanzas.com\/web\/wp-json\/wp\/v2\/media\/141948"}],"wp:attachment":[{"href":"https:\/\/revistaesperanzas.com\/web\/wp-json\/wp\/v2\/media?parent=141947"}],"wp:term":[{"taxonomy":"category","embeddable":true,"href":"https:\/\/revistaesperanzas.com\/web\/wp-json\/wp\/v2\/categories?post=141947"},{"taxonomy":"post_tag","embeddable":true,"href":"https:\/\/revistaesperanzas.com\/web\/wp-json\/wp\/v2\/tags?post=141947"}],"curies":[{"name":"wp","href":"https:\/\/api.w.org\/{rel}","templated":true}]}}