{"id":141950,"date":"2026-01-08T10:11:11","date_gmt":"2026-01-08T13:11:11","guid":{"rendered":"https:\/\/revistaesperanzas.com\/web\/?p=141950"},"modified":"2026-01-08T10:11:11","modified_gmt":"2026-01-08T13:11:11","slug":"con-su-liderazgo-cada-vez-mas-limitado-cfk-afronta-un-ano-clave-para-reinventar-su-rol-en-el-peronismo","status":"publish","type":"post","link":"https:\/\/revistaesperanzas.com\/web\/2026\/01\/con-su-liderazgo-cada-vez-mas-limitado-cfk-afronta-un-ano-clave-para-reinventar-su-rol-en-el-peronismo\/","title":{"rendered":"CON SU LIDERAZGO CADA VEZ M\u00c1S LIMITADO, &#8220;CFK&#8221; AFRONTA UN A\u00d1O CLAVE PARA REINVENTAR SU ROL EN EL PERONISMO"},"content":{"rendered":"<header class=\"article-header-wrapper\">\n<div class=\"article-header with-follow-button-ctn\">\n<p class=\"article-subheadline text_align_left\"><strong>Por: <a class=\"author-name\" href=\"https:\/\/www.infobae.com\/autor\/joaquin-mugica-diaz\/\" aria-label=\"Joaqu\u00edn M\u00fagica D\u00edaz\">Joaqu\u00edn M\u00fagica D\u00edaz<\/a>\u00a0 &#8211; &#8211; La imposibilidad de competir en las elecciones y la rebeli\u00f3n interna de los sectores que no responden a su conducci\u00f3n abrieron la discusi\u00f3n interna sobre un cambio de ciclo en la fuerza pol\u00edtica.<\/strong><\/p>\n<\/div>\n<\/header>\n<article class=\"article\">\n<div class=\"body-article \">\n<div class=\"visual__image image-initial-width\"><picture><source srcset=\"https:\/\/www.infobae.com\/resizer\/v2\/OZIEYEQ3XRBRFPQKE56UOOJO44.JPG?auth=5eb7270942f59903af5aac905212a632d3f071a69d597450594773131ecb96b2&amp;smart=true&amp;width=992&amp;height=558&amp;quality=85\" media=\"(min-width: 1000px)\" \/><source srcset=\"https:\/\/www.infobae.com\/resizer\/v2\/OZIEYEQ3XRBRFPQKE56UOOJO44.JPG?auth=5eb7270942f59903af5aac905212a632d3f071a69d597450594773131ecb96b2&amp;smart=true&amp;width=768&amp;height=432&amp;quality=85\" media=\"(min-width: 768px)\" \/><source srcset=\"https:\/\/www.infobae.com\/resizer\/v2\/OZIEYEQ3XRBRFPQKE56UOOJO44.JPG?auth=5eb7270942f59903af5aac905212a632d3f071a69d597450594773131ecb96b2&amp;smart=true&amp;width=577&amp;height=325&amp;quality=85\" media=\"(min-width: 580px)\" \/><source srcset=\"https:\/\/www.infobae.com\/resizer\/v2\/OZIEYEQ3XRBRFPQKE56UOOJO44.JPG?auth=5eb7270942f59903af5aac905212a632d3f071a69d597450594773131ecb96b2&amp;smart=true&amp;width=420&amp;height=236&amp;quality=85\" media=\"(min-width: 350px)\" \/><source srcset=\"https:\/\/www.infobae.com\/resizer\/v2\/OZIEYEQ3XRBRFPQKE56UOOJO44.JPG?auth=5eb7270942f59903af5aac905212a632d3f071a69d597450594773131ecb96b2&amp;smart=true&amp;width=350&amp;height=197&amp;quality=85\" media=\"(min-width: 80px)\" \/><img loading=\"lazy\" decoding=\"async\" class=\"global-image\" src=\"https:\/\/www.infobae.com\/resizer\/v2\/OZIEYEQ3XRBRFPQKE56UOOJO44.JPG?auth=5eb7270942f59903af5aac905212a632d3f071a69d597450594773131ecb96b2&amp;smart=true&amp;width=350&amp;height=197&amp;quality=85\" alt=\"Cristina Kirchner afronta un a\u00f1o\" width=\"4553\" height=\"2561\" \/><\/picture>Cristina Kirchner afronta un a\u00f1o determinante para la permanencia en el tiempo de su liderazgo pol\u00edtico en el peronismo (REUTERS\/Alessia Maccioni)<\/div>\n<p class=\"paragraph\" data-mrf-recirculation=\"Links inline\"><b>\u201cLa C\u00e1mpora tiene un gran problema. No tiene una candidata. Cristina ya no puede ser. Y el resto no compite para una presidencial. Tienen que ver c\u00f3mo se acomodan en la cancha. Ella y ellos. Todos\u201d<\/b>. As\u00ed de tajante, escueta y sarc\u00e1stica fue la definici\u00f3n que un hist\u00f3rico hombre fuerte del PJ Bonaerense hizo ante un pu\u00f1ado de dirigentes en el comienzo del a\u00f1o. Los apuntados son los Kirchner y todos los que est\u00e1n detr\u00e1s.<\/p>\n<p class=\"paragraph\" data-mrf-recirculation=\"Links inline\">Esa idea no muere en su voz ni en su cabeza. Esa idea est\u00e1 viva en muchos\u00a0<b>intendentes<\/b>\u00a0que empujan a\u00a0<b>Axel Kicillof<\/b>\u00a0hacia el camino presidencial y en la gran mayor\u00eda de los\u00a0<b>gobernadores\u00a0<\/b>de\u00a0<b>Fuerza Patria<\/b>, que tienen la vocaci\u00f3n de imponer l\u00edmites a la influencia cristinista. Ese movimiento es, al mismo tiempo, un mensaje bien claro para la ex presidenta. Las reglas del juego van a cambiar.<\/p>\n<div class=\"inline ad-wrapper\">\n<div class=\"dfpAd ad-inline\">Ya recuperada de la apendicitis, con posterior infecci\u00f3n, que sufri\u00f3 al final del a\u00f1o pasado, CFK comenz\u00f3 su a\u00f1o pol\u00edtico sentando su postura sobre la detenci\u00f3n de Nicol\u00e1s Maduro por parte del gobierno norteamericano. Public\u00f3 el mensaje esperado. Nada fuera de la l\u00f3gica de su pensamiento y de sus posturas p\u00fablicas. En ese punto coincidi\u00f3 con Kicillof, su enemigo \u00edntimo. Ambos condenaron el accionar del gobierno de Donald Trump.<\/div>\n<div><\/div>\n<\/div>\n<p class=\"paragraph\" data-mrf-recirculation=\"Links inline\">La ex presidenta tiene por delante un a\u00f1o clave.\u00a0<b>Gran parte del peronismo discutir\u00e1 su liderazgo con mayor profundidad que en los \u00faltimos a\u00f1os.<\/b>\u00a0Hay un motivo consistente para hacerlo: Milei avanza en la construcci\u00f3n de un esquema pol\u00edtico s\u00f3lido de cara al 2027 y el peronismo lleva un largo tiempo sin poder renovar su propuesta electoral.<\/p>\n<div class=\"visual__image\"><picture><source srcset=\"https:\/\/www.infobae.com\/resizer\/v2\/NXIQSICJRRB4XBRULS6VQ7Z3R4.jpg?auth=55517b5edec678d3a00d6b6ac549369105642178dcf7486ce5c084c4aa4194bd&amp;smart=true&amp;width=992&amp;height=558&amp;quality=85\" media=\"(min-width: 1000px)\" \/><source srcset=\"https:\/\/www.infobae.com\/resizer\/v2\/NXIQSICJRRB4XBRULS6VQ7Z3R4.jpg?auth=55517b5edec678d3a00d6b6ac549369105642178dcf7486ce5c084c4aa4194bd&amp;smart=true&amp;width=768&amp;height=432&amp;quality=85\" media=\"(min-width: 768px)\" \/><source srcset=\"https:\/\/www.infobae.com\/resizer\/v2\/NXIQSICJRRB4XBRULS6VQ7Z3R4.jpg?auth=55517b5edec678d3a00d6b6ac549369105642178dcf7486ce5c084c4aa4194bd&amp;smart=true&amp;width=577&amp;height=325&amp;quality=85\" media=\"(min-width: 580px)\" \/><source srcset=\"https:\/\/www.infobae.com\/resizer\/v2\/NXIQSICJRRB4XBRULS6VQ7Z3R4.jpg?auth=55517b5edec678d3a00d6b6ac549369105642178dcf7486ce5c084c4aa4194bd&amp;smart=true&amp;width=420&amp;height=236&amp;quality=85\" media=\"(min-width: 350px)\" \/><source srcset=\"https:\/\/www.infobae.com\/resizer\/v2\/NXIQSICJRRB4XBRULS6VQ7Z3R4.jpg?auth=55517b5edec678d3a00d6b6ac549369105642178dcf7486ce5c084c4aa4194bd&amp;smart=true&amp;width=350&amp;height=197&amp;quality=85\" media=\"(min-width: 80px)\" \/><img loading=\"lazy\" decoding=\"async\" class=\"global-image\" src=\"https:\/\/www.infobae.com\/resizer\/v2\/NXIQSICJRRB4XBRULS6VQ7Z3R4.jpg?auth=55517b5edec678d3a00d6b6ac549369105642178dcf7486ce5c084c4aa4194bd&amp;smart=true&amp;width=350&amp;height=197&amp;quality=85\" alt=\"Cristina Kirchner y Axel Kicillof\" width=\"1920\" height=\"1080\" \/><\/picture>Cristina Kirchner y Axel Kicillof no se hablan desde hace tres meses. La relaci\u00f3n est\u00e1 completamente rota<\/div>\n<div class=\"inline_2_DSK ad-wrapper ad-desktop\">\n<div class=\"dfpAd ad-inline\"><\/div>\n<\/div>\n<p class=\"paragraph\" data-mrf-recirculation=\"Links inline\">Su liderazgo, m\u00e1s all\u00e1 de las fronteras del cristinismo, &#8211; La C\u00e1mpora, Nuevo Encuentro, Kolina y los dirigentes parlamentarios del interior que le responden &#8211; se ha limitado en forma vertiginosa a lo largo de los \u00faltimos meses. El primer rebelde fue el riojano\u00a0<b>Ricardo Quintela<\/b>, que quiso competirle la presidencia del PJ y la desafi\u00f3 en p\u00fablico. Su voluntad tuvo un l\u00edmite. La junta electoral, con gran influencia K, le impidi\u00f3 competir.<\/p>\n<p class=\"paragraph\" data-mrf-recirculation=\"Links inline\">En el final del 2024, y luego del desplante de Kicillof que no la apoy\u00f3 en p\u00fablico para desembarcar en el partido, CFK asumi\u00f3 la presidencia del<b>\u00a0PJ Nacional\u00a0<\/b>en la UMET. En ese acto\u00a0<b>no hubo un solo gobernador peronista.<\/b>\u00a0Una escena que, en otros tiempos de poder del kirchnerismo, nunca hubiese tenido lugar.<\/p>\n<p class=\"paragraph\" data-mrf-recirculation=\"Links inline\">Esa ausencia, decorada y desdramatizada con sentido l\u00f3gico por parte del kirchnerismo, fue la primera se\u00f1al de que el peronismo ya no respond\u00eda a su jefatura pol\u00edtica. Los meses que siguieron, con varias reuniones en Matheu 130, solo sirvieron para congregar a dirigentes fieles.\u00a0<b>No hubo amplitud real.<\/b><\/p>\n<p class=\"paragraph\" data-mrf-recirculation=\"Links inline\">El movimiento que rompi\u00f3 ese cerco fue su condena en la causa Vialidad y su posterior detenci\u00f3n. All\u00ed aparecieron en escena algunos dirigentes como\u00a0<b>Guillermo Moreno<\/b>, que se acercaron al conglomerado mayoritario del peronismo. En esa instancia tambi\u00e9n se cre\u00f3 una tregua en la batalla, sin trincheras, que tuvo el peronismo bonaerense en el \u00faltimo tiempo.<\/p>\n<div class=\"visual__image\"><picture><source srcset=\"https:\/\/www.infobae.com\/resizer\/v2\/5HX622ZP4JEJLMLJOALYJAGBJI.jpg?auth=95ce80d9e2edd032b4260e96b4950bd0d1932e6f10992bdb75f03cd21e835a5f&amp;smart=true&amp;width=992&amp;height=558&amp;quality=85\" media=\"(min-width: 1000px)\" \/><source srcset=\"https:\/\/www.infobae.com\/resizer\/v2\/5HX622ZP4JEJLMLJOALYJAGBJI.jpg?auth=95ce80d9e2edd032b4260e96b4950bd0d1932e6f10992bdb75f03cd21e835a5f&amp;smart=true&amp;width=768&amp;height=432&amp;quality=85\" media=\"(min-width: 768px)\" \/><source srcset=\"https:\/\/www.infobae.com\/resizer\/v2\/5HX622ZP4JEJLMLJOALYJAGBJI.jpg?auth=95ce80d9e2edd032b4260e96b4950bd0d1932e6f10992bdb75f03cd21e835a5f&amp;smart=true&amp;width=577&amp;height=325&amp;quality=85\" media=\"(min-width: 580px)\" \/><source srcset=\"https:\/\/www.infobae.com\/resizer\/v2\/5HX622ZP4JEJLMLJOALYJAGBJI.jpg?auth=95ce80d9e2edd032b4260e96b4950bd0d1932e6f10992bdb75f03cd21e835a5f&amp;smart=true&amp;width=420&amp;height=236&amp;quality=85\" media=\"(min-width: 350px)\" \/><source srcset=\"https:\/\/www.infobae.com\/resizer\/v2\/5HX622ZP4JEJLMLJOALYJAGBJI.jpg?auth=95ce80d9e2edd032b4260e96b4950bd0d1932e6f10992bdb75f03cd21e835a5f&amp;smart=true&amp;width=350&amp;height=197&amp;quality=85\" media=\"(min-width: 80px)\" \/><img loading=\"lazy\" decoding=\"async\" class=\"global-image\" src=\"https:\/\/www.infobae.com\/resizer\/v2\/5HX622ZP4JEJLMLJOALYJAGBJI.jpg?auth=95ce80d9e2edd032b4260e96b4950bd0d1932e6f10992bdb75f03cd21e835a5f&amp;smart=true&amp;width=350&amp;height=197&amp;quality=85\" alt=\"Los gobernadores y legisladores del\" width=\"1920\" height=\"1080\" \/><\/picture>Los gobernadores y legisladores del peronismo que trabajan en la construcci\u00f3n de un bloque de poder interno a nivel nacional (@ZiliottoSergio)<\/div>\n<p class=\"paragraph\" data-mrf-recirculation=\"Links inline\">El segundo movimiento que corri\u00f3 a\u00fan m\u00e1s esos l\u00edmites fue la discusi\u00f3n por la estrategia electoral de cara al 26 de octubre del 2025. Pero no la de la provincia de Buenos Aires, sino la del interior del pa\u00eds. Ah\u00ed la cara m\u00e1s visible que se acerc\u00f3 a Fuerza Patria y a la ex jefa de Estado fue\u00a0<b>Juan Manuel Urtubey.<\/b><\/p>\n<p class=\"paragraph\" data-mrf-recirculation=\"Links inline\">Sin embargo, esos arribos se convirtieron en un espejismo para algunos dirigentes del cristinismo. Aquellos que pensaron que, recluida en San Jos\u00e9 1111, CFK iba a poder volver a conducir el peronismo. Eso no pas\u00f3 y, con el paso de las semanas, su influencia se vio cada vez m\u00e1s limitada.<\/p>\n<p class=\"paragraph\" data-mrf-recirculation=\"Links inline\">Por eso<b>\u00a0el gran desaf\u00edo de la ex presidenta es reinventarse desde su condena y tratar de reconfigurar su liderazgo.\u00a0<\/b>Kicillof no la va a esperar para construir su proyecto pol\u00edtico nacional. O lo apoyan o sigue adelante sin importarle la guerra interna que pueda desatarle el cristinismo. A\u00fan sabiendo los costos de esa decisi\u00f3n, avanza a paso lento, pero firme.<\/p>\n<p class=\"paragraph\" data-mrf-recirculation=\"Links inline\">En el final del a\u00f1o pasado los gobernadores de Fuerza Patria mostraron que quieren ponerle un freno a la influencia de CFK en el Congreso. Lo que implica, al mismo tiempo, frenar su poder de fuego en el principal terreno de discusi\u00f3n con el gobierno de\u00a0<b>Javier Milei<\/b>. En paralelo, la mayor\u00eda de los intendentes de la provincia de Buenos Aires est\u00e1n dispuestos a defender sus territorios de la influencia cristinista. Los que tienen los votos no la alaban como antes, pero tampoco la subestiman.<\/p>\n<div class=\"visual__image\"><picture><source srcset=\"https:\/\/www.infobae.com\/resizer\/v2\/DW6FDPJWCVDAXI6HEANYJVP7V4.jpg?auth=b7795ca72930619f867142c4d035003bd8ab74375fdedf514502805a8dc5df5d&amp;smart=true&amp;width=992&amp;height=700&amp;quality=85\" media=\"(min-width: 1000px)\" \/><source srcset=\"https:\/\/www.infobae.com\/resizer\/v2\/DW6FDPJWCVDAXI6HEANYJVP7V4.jpg?auth=b7795ca72930619f867142c4d035003bd8ab74375fdedf514502805a8dc5df5d&amp;smart=true&amp;width=768&amp;height=542&amp;quality=85\" media=\"(min-width: 768px)\" \/><source srcset=\"https:\/\/www.infobae.com\/resizer\/v2\/DW6FDPJWCVDAXI6HEANYJVP7V4.jpg?auth=b7795ca72930619f867142c4d035003bd8ab74375fdedf514502805a8dc5df5d&amp;smart=true&amp;width=577&amp;height=407&amp;quality=85\" media=\"(min-width: 580px)\" \/><source srcset=\"https:\/\/www.infobae.com\/resizer\/v2\/DW6FDPJWCVDAXI6HEANYJVP7V4.jpg?auth=b7795ca72930619f867142c4d035003bd8ab74375fdedf514502805a8dc5df5d&amp;smart=true&amp;width=420&amp;height=296&amp;quality=85\" media=\"(min-width: 350px)\" \/><source srcset=\"https:\/\/www.infobae.com\/resizer\/v2\/DW6FDPJWCVDAXI6HEANYJVP7V4.jpg?auth=b7795ca72930619f867142c4d035003bd8ab74375fdedf514502805a8dc5df5d&amp;smart=true&amp;width=350&amp;height=247&amp;quality=85\" media=\"(min-width: 80px)\" \/><img loading=\"lazy\" decoding=\"async\" class=\"global-image\" src=\"https:\/\/www.infobae.com\/resizer\/v2\/DW6FDPJWCVDAXI6HEANYJVP7V4.jpg?auth=b7795ca72930619f867142c4d035003bd8ab74375fdedf514502805a8dc5df5d&amp;smart=true&amp;width=350&amp;height=247&amp;quality=85\" alt=\"Cristina Kirchner junto a Mayra\" width=\"676\" height=\"477\" \/><\/picture>Cristina Kirchner junto a Mayra Mendoza, una de las principales dirigentes de La C\u00e1mpora<\/div>\n<p class=\"paragraph\" data-mrf-recirculation=\"Links inline\">La que viene ser\u00e1 una etapa conflictiva y, tal vez, fundacional.\u00a0<b>\u201cEl peronismo se tiene que ordenar desde el poder o no se ordena. Necesita un jefe que lo ordene y ese jefe hoy no existe\u201d<\/b>, asegur\u00f3 una senadora nacional a\u00a0<b>Infobae<\/b>, que ve, desde adentro del Congreso, como el peronismo sufre las fugas de los que juegan a ser pragm\u00e1ticos sin perder la chapa justicialista en sus provincias.<\/p>\n<p class=\"paragraph\" data-mrf-recirculation=\"Links inline\">Esa impresi\u00f3n expone, con claridad, una de las verdades que se construyeron en el peronismo a lo largo de la historia. Tiene que haber un l\u00edder consolidado para ordenar, de arriba hacia abajo, y, generalmente, esa situaci\u00f3n se da desde el poder. La horizontalidad y la deliberaci\u00f3n permanente, en una fuerza como el peronismo, termina en una sumatoria de peque\u00f1as internas. Eso es lo que pasa en la actualidad.<\/p>\n<p class=\"paragraph\" data-mrf-recirculation=\"Links inline\"><b>El problema que tiene el PJ en los \u00faltimos a\u00f1os es que intenta ordenarse desde el llano<\/b>. Kicillof ha sido un precursor en ese sentido. Construy\u00f3 su propia agrupaci\u00f3n, se divorci\u00f3 de CFK y decidi\u00f3 dar una pelea de poder contra su mentora y la figura m\u00e1s trascendente que tiene el peronismo en los \u00faltimos 15 a\u00f1os. Tuvo sus costos y sus beneficios. La gran mayor\u00eda est\u00e1n a la vista. Los que no se distinguen, reci\u00e9n se ver\u00e1n en los primeros meses del 2027.<\/p>\n<p class=\"paragraph\" data-mrf-recirculation=\"Links inline\">M\u00e1s all\u00e1 del resultado que logre al final del camino que se traz\u00f3, su batalla ya est\u00e1 dada y abri\u00f3 varias arterias de discusi\u00f3n hacia adentro del peronismo en todo el pa\u00eds. Porque la rebeli\u00f3n contra la conducci\u00f3n de Cristina Kirchner y la forma de discutir poder del kirchnerismo, cansaron a gran parte del peronismo nacional hace ya tiempo. El proceso de autonom\u00eda del gobernador bonaerense lo que hizo fue poner sobre la mesa un debate que estaba atado al subsuelo de la fuerza pol\u00edtica.<\/p>\n<p class=\"paragraph\" data-mrf-recirculation=\"Links inline\"><b>\u201cEl liderazgo de CFK se va apagando, pero su influencia en el conurbano bonaerense, que es trascendente para un armado nacional, sigue siendo muy importante<\/b>. Hay que contenerla, pero hay que discutir hacia adentro las candidaturas y c\u00f3mo se ordena el espacio pol\u00edtico. La forma de hacer pol\u00edtica de los K ya no va m\u00e1s\u201d, fue la reflexi\u00f3n de un peso pesado del peronismo del interior del pa\u00eds. Un equilibrista que sabe, como tantos otros que integran las distintas terminales justicialistas, que para que el proyecto nacional tenga futuro, el kirchnerismo, de alguna u otra manera, tiene que ser parte.<\/p>\n<p data-mrf-recirculation=\"Links inline\">www.infobae.com<\/p>\n<\/div>\n<\/article>\n","protected":false},"excerpt":{"rendered":"<p>Por: Joaqu\u00edn M\u00fagica D\u00edaz\u00a0 &#8211; &#8211; La imposibilidad de competir en las elecciones y la rebeli\u00f3n interna de los sectores que no responden a su conducci\u00f3n abrieron la discusi\u00f3n interna sobre un cambio de ciclo en la fuerza pol\u00edtica. Cristina Kirchner afronta un a\u00f1o determinante para la permanencia en el tiempo de su liderazgo pol\u00edtico [&hellip;]<\/p>\n","protected":false},"author":4,"featured_media":141951,"comment_status":"closed","ping_status":"closed","sticky":false,"template":"","format":"standard","meta":{"footnotes":""},"categories":[4],"tags":[],"class_list":{"0":"post-141950","1":"post","2":"type-post","3":"status-publish","4":"format-standard","5":"has-post-thumbnail","7":"category-nacionales"},"_links":{"self":[{"href":"https:\/\/revistaesperanzas.com\/web\/wp-json\/wp\/v2\/posts\/141950","targetHints":{"allow":["GET"]}}],"collection":[{"href":"https:\/\/revistaesperanzas.com\/web\/wp-json\/wp\/v2\/posts"}],"about":[{"href":"https:\/\/revistaesperanzas.com\/web\/wp-json\/wp\/v2\/types\/post"}],"author":[{"embeddable":true,"href":"https:\/\/revistaesperanzas.com\/web\/wp-json\/wp\/v2\/users\/4"}],"replies":[{"embeddable":true,"href":"https:\/\/revistaesperanzas.com\/web\/wp-json\/wp\/v2\/comments?post=141950"}],"version-history":[{"count":1,"href":"https:\/\/revistaesperanzas.com\/web\/wp-json\/wp\/v2\/posts\/141950\/revisions"}],"predecessor-version":[{"id":141952,"href":"https:\/\/revistaesperanzas.com\/web\/wp-json\/wp\/v2\/posts\/141950\/revisions\/141952"}],"wp:featuredmedia":[{"embeddable":true,"href":"https:\/\/revistaesperanzas.com\/web\/wp-json\/wp\/v2\/media\/141951"}],"wp:attachment":[{"href":"https:\/\/revistaesperanzas.com\/web\/wp-json\/wp\/v2\/media?parent=141950"}],"wp:term":[{"taxonomy":"category","embeddable":true,"href":"https:\/\/revistaesperanzas.com\/web\/wp-json\/wp\/v2\/categories?post=141950"},{"taxonomy":"post_tag","embeddable":true,"href":"https:\/\/revistaesperanzas.com\/web\/wp-json\/wp\/v2\/tags?post=141950"}],"curies":[{"name":"wp","href":"https:\/\/api.w.org\/{rel}","templated":true}]}}