{"id":141953,"date":"2026-01-08T10:19:16","date_gmt":"2026-01-08T13:19:16","guid":{"rendered":"https:\/\/revistaesperanzas.com\/web\/?p=141953"},"modified":"2026-01-08T10:19:16","modified_gmt":"2026-01-08T13:19:16","slug":"el-pepligroso-ladron-que-fue-filmado-intentando-abusar-de-una-empleada-en-una-muebleria-de-rosario-cayo-durante-un-robo-en-cordoba","status":"publish","type":"post","link":"https:\/\/revistaesperanzas.com\/web\/2026\/01\/el-pepligroso-ladron-que-fue-filmado-intentando-abusar-de-una-empleada-en-una-muebleria-de-rosario-cayo-durante-un-robo-en-cordoba\/","title":{"rendered":"EL PEPLIGROSO LADR\u00d3N QUE FUE FILMADO INTENTANDO ABUSAR DE UNA EMPLEADA EN UNA MUEBLER\u00cdA DE ROSARIO CAY\u00d3 DURANTE UN ROBO EN C\u00d3RDOBA"},"content":{"rendered":"<header class=\"article-header-wrapper\">\n<div class=\"article-header with-follow-button-ctn\">\n<p class=\"article-subheadline text_align_left\"><strong>Por: <a class=\"author-name\" href=\"https:\/\/www.infobae.com\/autor\/agustin-lago\/\" aria-label=\"Agust\u00edn  Lago\">Agust\u00edn Lago<\/a>\u00a0 &#8211;\u00a0 Josu\u00e9 Alexis Urquia, cuyo rostro fue difundido este martes por el Ministerio P\u00fablico de la Acusaci\u00f3n para pedir colaboraci\u00f3n para poder capturarlo, se encuentra preso desde el 1 de enero. Alega tener problemas de consumo de droga y de salud mental<\/strong><\/p>\n<div class=\"youtube-embed\" data-video_id=\"wewypujFvas\"><iframe loading=\"lazy\" title=\"Detuvieron al &quot;salvaje&quot; de Echesortu que atac\u00f3 a una mujer en la muebler\u00eda | TELEFE ROSARIO\" width=\"696\" height=\"392\" src=\"https:\/\/www.youtube.com\/embed\/wewypujFvas?feature=oembed&#038;enablejsapi=1\" frameborder=\"0\" allow=\"accelerometer; autoplay; clipboard-write; encrypted-media; gyroscope; picture-in-picture; web-share\" referrerpolicy=\"strict-origin-when-cross-origin\" allowfullscreen><\/iframe><\/div>\n<\/div>\n<\/header>\n<article class=\"article\">\n<div class=\"body-article \">\n<div class=\"jwplayer-ctn\">La Justicia de Santa Fe logr\u00f3 identificar al hombre que atac\u00f3 de manera feroz a una empleada de un local de venta de sillones en Rosario<\/div>\n<p class=\"paragraph\" data-mrf-recirculation=\"Links inline\">El delincuente que qued\u00f3 filmado el pasado 30 de diciembre en\u00a0<b>Rosario<\/b>, cuando ingres\u00f3 a un local de venta de sillones,<b>\u00a0<\/b><a title=\"https:\/\/www.infobae.com\/sociedad\/policiales\/2026\/01\/06\/es-peligroso-difundieron-el-rostro-del-ladron-filmado-golpeando-a-la-empleada-de-una-muebleria-de-rosario\/\" href=\"https:\/\/www.infobae.com\/sociedad\/policiales\/2026\/01\/06\/es-peligroso-difundieron-el-rostro-del-ladron-filmado-golpeando-a-la-empleada-de-una-muebleria-de-rosario\/\" target=\"_blank\" rel=\"noopener noreferrer\" data-mrf-link=\"https:\/\/www.infobae.com\/sociedad\/policiales\/2026\/01\/06\/es-peligroso-difundieron-el-rostro-del-ladron-filmado-golpeando-a-la-empleada-de-una-muebleria-de-rosario\/\"><b>intent\u00f3 abusar de la \u00fanica empleada presente y posteriormente la atac\u00f3 a golpes para sacarle su celular<\/b><\/a>, est\u00e1\u00a0<b>preso en C\u00f3rdoba<\/b>\u00a0por, casualmente, un asalto. El dato fue obtenido este mi\u00e9rcoles por la Justicia santafesina, que avanzaba con medidas para poder allanar su domicilio cordob\u00e9s. Se trata de\u00a0<b>Josu\u00e9 Alexis Urquia<\/b>, de 32 a\u00f1os, cuyo rostro fue exhibido por el fiscal rosarino Ramiro Gonz\u00e1lez Raggio, quien hab\u00eda pedido colaboraci\u00f3n para poder capturarlo, ya que es considerado un ladr\u00f3n peligroso.<\/p>\n<p class=\"paragraph\" data-mrf-recirculation=\"Links inline\">Despu\u00e9s de haber pedido p\u00fablicamente colaboraci\u00f3n y de haber difundido la cara de Urquia debido al violento robo perpetrado en el local de Mendoza al 3300, en el barrio Echesortu, Gonz\u00e1lez Raggio envi\u00f3 un exhorto al Poder Judicial de C\u00f3rdoba para poder allanar el domicilio que tiene registrado el sospechoso en el barrio El Marqu\u00e9s de Sobremonte de la capital de esa provincia.<\/p>\n<div class=\"inline ad-wrapper\">\n<div class=\"dfpAd ad-inline\"><\/div>\n<\/div>\n<p class=\"paragraph\" data-mrf-recirculation=\"Links inline\">En la respuesta estuvo la confirmaci\u00f3n:\u00a0<b>el delincuente hab\u00eda sido aprehendido en la ciudad de C\u00f3rdoba dos d\u00edas despu\u00e9s del filmado atraco, y por el mismo delito<\/b>, que ya fue imputado por el ayudante fiscal Lucas Carranza Bertarelli.<\/p>\n<p class=\"paragraph\" data-mrf-recirculation=\"Links inline\">Desde un primer momento, el funcionario judicial rosarino hab\u00eda destacado que su salida de la ciudad hab\u00eda sido a trav\u00e9s de un colectivo de larga distancia en direcci\u00f3n a C\u00f3rdoba, donde ahora iba a ir a buscarlo.<\/p>\n<div class=\"inline_2_DSK ad-wrapper ad-desktop\">\n<div class=\"dfpAd ad-inline\"><\/div>\n<\/div>\n<p class=\"paragraph\" data-mrf-recirculation=\"Links inline\">\u201c<b>Es una persona peligrosa<\/b>. Tiene\u00a0<b>antecedentes penales en La Pampa<\/b>. A partir de la publicaci\u00f3n de este hecho y la repercusi\u00f3n que tuvo nos lleg\u00f3 informaci\u00f3n de que tiene\u00a0<b>causas similares en Santa Teresita, Buenos Aires; en El Calafate; y en otras localidades santafesinas<\/b>, como nuestra capital provincial. Se mueve bastante por el pa\u00eds. Por eso hacemos un llamado para que cualquier informaci\u00f3n se aporte a la Fiscal\u00eda\u201d, destac\u00f3 en conferencia de prensa este martes.<\/p>\n<div class=\"visual__image\"><picture><source srcset=\"https:\/\/www.infobae.com\/resizer\/v2\/VFILBG3UB5HVVNZDPOGBQBLIWY.png?auth=bc3f1f66bc60e734e823d273132f0c28c81f6cd24e73d9aa2aa809d05f478e69&amp;smart=true&amp;width=992&amp;height=1519&amp;quality=85\" media=\"(min-width: 1000px)\" \/><source srcset=\"https:\/\/www.infobae.com\/resizer\/v2\/VFILBG3UB5HVVNZDPOGBQBLIWY.png?auth=bc3f1f66bc60e734e823d273132f0c28c81f6cd24e73d9aa2aa809d05f478e69&amp;smart=true&amp;width=768&amp;height=1176&amp;quality=85\" media=\"(min-width: 768px)\" \/><source srcset=\"https:\/\/www.infobae.com\/resizer\/v2\/VFILBG3UB5HVVNZDPOGBQBLIWY.png?auth=bc3f1f66bc60e734e823d273132f0c28c81f6cd24e73d9aa2aa809d05f478e69&amp;smart=true&amp;width=577&amp;height=883&amp;quality=85\" media=\"(min-width: 580px)\" \/><source srcset=\"https:\/\/www.infobae.com\/resizer\/v2\/VFILBG3UB5HVVNZDPOGBQBLIWY.png?auth=bc3f1f66bc60e734e823d273132f0c28c81f6cd24e73d9aa2aa809d05f478e69&amp;smart=true&amp;width=420&amp;height=643&amp;quality=85\" media=\"(min-width: 350px)\" \/><source srcset=\"https:\/\/www.infobae.com\/resizer\/v2\/VFILBG3UB5HVVNZDPOGBQBLIWY.png?auth=bc3f1f66bc60e734e823d273132f0c28c81f6cd24e73d9aa2aa809d05f478e69&amp;smart=true&amp;width=350&amp;height=536&amp;quality=85\" media=\"(min-width: 80px)\" \/><img loading=\"lazy\" decoding=\"async\" class=\"global-image alignleft\" src=\"https:\/\/www.infobae.com\/resizer\/v2\/VFILBG3UB5HVVNZDPOGBQBLIWY.png?auth=bc3f1f66bc60e734e823d273132f0c28c81f6cd24e73d9aa2aa809d05f478e69&amp;smart=true&amp;width=350&amp;height=536&amp;quality=85\" alt=\"Josu\u00e9 Alexis Urquia fue detenido\" width=\"403\" height=\"617\" \/><\/picture>Josu\u00e9 Alexis Urquia fue detenido en C\u00f3rdoba el primer d\u00eda de este a\u00f1o por otro atraco<\/div>\n<p class=\"paragraph\" data-mrf-recirculation=\"Links inline\">Como ya public\u00f3\u00a0<b>Infobae<\/b>, Josu\u00e9 Urquia\u00a0<b>estuvo detenido en m\u00faltiples oportunidades por hurto, robo e intento de abuso sexual<\/b>. En 2011, tras una aprehensi\u00f3n por un asalto, fue internado en el Hospital Paso de los Libres, en Corrientes, con custodia policial, ya que hab\u00eda alegado trastorno de conducta. Sin embargo, logr\u00f3 fugarse de ese centro de salud.<\/p>\n<p class=\"paragraph\" data-mrf-recirculation=\"Links inline\">Casualmente, ahora, a trav\u00e9s de su defensa,\u00a0<b>elev\u00f3 una solicitud ante la Justicia cordobesa de la realizaci\u00f3n de una pericia interdisciplinaria para establecer si comprende la criminalidad de sus actos<\/b>. El 2 de enero fue revisado por el equipo de salud mental del Hospital San Roque, donde\u00a0<b>se determin\u00f3 que se encuentra en condiciones de quedar alojado en una unidad penitenciaria<\/b>.<\/p>\n<div class=\"visual__image\"><picture><source srcset=\"https:\/\/www.infobae.com\/resizer\/v2\/VZFVKRQQFVHSDJGXURK6AW3D2I.png?auth=3e755745fb59eee55bdd409b90ccb91e78f3be47f70449f846eab1cf0b97fdbb&amp;smart=true&amp;width=992&amp;height=1524&amp;quality=85\" media=\"(min-width: 1000px)\" \/><source srcset=\"https:\/\/www.infobae.com\/resizer\/v2\/VZFVKRQQFVHSDJGXURK6AW3D2I.png?auth=3e755745fb59eee55bdd409b90ccb91e78f3be47f70449f846eab1cf0b97fdbb&amp;smart=true&amp;width=768&amp;height=1180&amp;quality=85\" media=\"(min-width: 768px)\" \/><source srcset=\"https:\/\/www.infobae.com\/resizer\/v2\/VZFVKRQQFVHSDJGXURK6AW3D2I.png?auth=3e755745fb59eee55bdd409b90ccb91e78f3be47f70449f846eab1cf0b97fdbb&amp;smart=true&amp;width=577&amp;height=887&amp;quality=85\" media=\"(min-width: 580px)\" \/><source srcset=\"https:\/\/www.infobae.com\/resizer\/v2\/VZFVKRQQFVHSDJGXURK6AW3D2I.png?auth=3e755745fb59eee55bdd409b90ccb91e78f3be47f70449f846eab1cf0b97fdbb&amp;smart=true&amp;width=420&amp;height=645&amp;quality=85\" media=\"(min-width: 350px)\" \/><source srcset=\"https:\/\/www.infobae.com\/resizer\/v2\/VZFVKRQQFVHSDJGXURK6AW3D2I.png?auth=3e755745fb59eee55bdd409b90ccb91e78f3be47f70449f846eab1cf0b97fdbb&amp;smart=true&amp;width=350&amp;height=538&amp;quality=85\" media=\"(min-width: 80px)\" \/><img loading=\"lazy\" decoding=\"async\" class=\"global-image alignright\" src=\"https:\/\/www.infobae.com\/resizer\/v2\/VZFVKRQQFVHSDJGXURK6AW3D2I.png?auth=3e755745fb59eee55bdd409b90ccb91e78f3be47f70449f846eab1cf0b97fdbb&amp;smart=true&amp;width=350&amp;height=538&amp;quality=85\" alt=\"Urquia intent\u00f3 alegar problemas mentales\" width=\"397\" height=\"610\" \/><\/picture>Urquia intent\u00f3 alegar problemas mentales<\/div>\n<p class=\"paragraph\" data-mrf-recirculation=\"Links inline\">Los profesionales de salud del Hospital San Roque agregaron que el sospechoso refiere \u201calucinaciones auditivas, consumo problem\u00e1tico de sustancias y antecedentes de tratamientos\u201d en hospitales de distintas localidades de C\u00f3rdoba y de otras provincias.<\/p>\n<p class=\"paragraph\" data-mrf-recirculation=\"Links inline\">Ahora, Urquia tambi\u00e9n enfrentar\u00e1 una acusaci\u00f3n penal por la Justicia de Rosario, que a trav\u00e9s del fiscal Gonz\u00e1lez Raggio solicitar\u00e1 una audiencia por videoconferencia para atribuirle el<b>\u00a0intento de abuso sexual y robo<\/b>\u00a0que cometi\u00f3 el 30 de diciembre en la muebler\u00eda de barrio Echesortu, donde la \u00fanica empleada sufri\u00f3 lesiones por mordeduras en el dedo me\u00f1ique de su mano derecha y escoriaciones en distintas partes del cuerpo por trompadas y patadas.<\/p>\n<h2 class=\"header headline-class-h2 headline\">El intento de abuso sexual y el robo en Rosario<\/h2>\n<div class=\"visual__image\"><picture><source srcset=\"https:\/\/www.infobae.com\/resizer\/v2\/QR3TGS7VQRDF7A6DK32QFOMPXQ.gif?auth=b90e028b6b3510e4262c01d84fbf22e7f08cee87619018954b2d80fe16614011&amp;smart=true&amp;width=992&amp;height=558&amp;quality=85\" media=\"(min-width: 1000px)\" \/><source srcset=\"https:\/\/www.infobae.com\/resizer\/v2\/QR3TGS7VQRDF7A6DK32QFOMPXQ.gif?auth=b90e028b6b3510e4262c01d84fbf22e7f08cee87619018954b2d80fe16614011&amp;smart=true&amp;width=768&amp;height=432&amp;quality=85\" media=\"(min-width: 768px)\" \/><source srcset=\"https:\/\/www.infobae.com\/resizer\/v2\/QR3TGS7VQRDF7A6DK32QFOMPXQ.gif?auth=b90e028b6b3510e4262c01d84fbf22e7f08cee87619018954b2d80fe16614011&amp;smart=true&amp;width=577&amp;height=325&amp;quality=85\" media=\"(min-width: 580px)\" \/><source srcset=\"https:\/\/www.infobae.com\/resizer\/v2\/QR3TGS7VQRDF7A6DK32QFOMPXQ.gif?auth=b90e028b6b3510e4262c01d84fbf22e7f08cee87619018954b2d80fe16614011&amp;smart=true&amp;width=420&amp;height=236&amp;quality=85\" media=\"(min-width: 350px)\" \/><source srcset=\"https:\/\/www.infobae.com\/resizer\/v2\/QR3TGS7VQRDF7A6DK32QFOMPXQ.gif?auth=b90e028b6b3510e4262c01d84fbf22e7f08cee87619018954b2d80fe16614011&amp;smart=true&amp;width=350&amp;height=197&amp;quality=85\" media=\"(min-width: 80px)\" \/><img loading=\"lazy\" decoding=\"async\" class=\"global-image\" src=\"https:\/\/www.infobae.com\/resizer\/v2\/QR3TGS7VQRDF7A6DK32QFOMPXQ.gif?auth=b90e028b6b3510e4262c01d84fbf22e7f08cee87619018954b2d80fe16614011&amp;smart=true&amp;width=350&amp;height=197&amp;quality=85\" alt=\"El ataque de Urquia a\" width=\"1920\" height=\"1080\" \/><\/picture>El ataque de Urquia a la empleada de la muebler\u00eda de Rosario<\/div>\n<p class=\"paragraph\" data-mrf-recirculation=\"Links inline\">Pasadas las 15.30 del 30 de diciembre, Urquia entr\u00f3 a la muebler\u00eda de Mendoza al 3300, en el barrio Echesortu de Rosario, se sent\u00f3 y, al cabo de unos segundos, la joven empleada comenz\u00f3 a pedirle que se retirara. Lejos de salir, se abalanz\u00f3 sobre la chica y\u00a0<b>quiso llevarla a la parte trasera del lugar para abusarla<\/b>.<\/p>\n<p class=\"paragraph\" data-mrf-recirculation=\"Links inline\">Ante la imposibilidad de concretar la violaci\u00f3n, el ladr\u00f3n\u00a0<b>tom\u00f3 del cabello a la v\u00edctima y empez\u00f3 a darle golpes en distintas partes del cuerpo\u00a0<\/b>para sacarle su tel\u00e9fono. La tir\u00f3 contra diferentes sillones, la arroj\u00f3 al piso, le pisote\u00f3 el rostro y le dio patadas y trompadas. Tambi\u00e9n le mordi\u00f3 durante varios segundos el dedo me\u00f1ique de la mano derecha y la mujer termin\u00f3 soltando su celular.<\/p>\n<p class=\"paragraph\" data-mrf-recirculation=\"Links inline\">De acuerdo a la declaraci\u00f3n que brind\u00f3 un familiar de la v\u00edctima en contacto con la prensa local,\u00a0<b>la empleada sufri\u00f3 una fisura en el dedo me\u00f1ique producto de la mordida\u00a0<\/b>y tuvo que ser asistida en un sanatorio del centro de Rosario.<\/p>\n<p data-mrf-recirculation=\"Links inline\">www.infobae.com<\/p>\n<\/div>\n<\/article>\n","protected":false},"excerpt":{"rendered":"<p>Por: Agust\u00edn Lago\u00a0 &#8211;\u00a0 Josu\u00e9 Alexis Urquia, cuyo rostro fue difundido este martes por el Ministerio P\u00fablico de la Acusaci\u00f3n para pedir colaboraci\u00f3n para poder capturarlo, se encuentra preso desde el 1 de enero. Alega tener problemas de consumo de droga y de salud mental La Justicia de Santa Fe logr\u00f3 identificar al hombre que [&hellip;]<\/p>\n","protected":false},"author":4,"featured_media":141954,"comment_status":"closed","ping_status":"closed","sticky":false,"template":"","format":"standard","meta":{"footnotes":""},"categories":[4],"tags":[],"class_list":{"0":"post-141953","1":"post","2":"type-post","3":"status-publish","4":"format-standard","5":"has-post-thumbnail","7":"category-nacionales"},"_links":{"self":[{"href":"https:\/\/revistaesperanzas.com\/web\/wp-json\/wp\/v2\/posts\/141953","targetHints":{"allow":["GET"]}}],"collection":[{"href":"https:\/\/revistaesperanzas.com\/web\/wp-json\/wp\/v2\/posts"}],"about":[{"href":"https:\/\/revistaesperanzas.com\/web\/wp-json\/wp\/v2\/types\/post"}],"author":[{"embeddable":true,"href":"https:\/\/revistaesperanzas.com\/web\/wp-json\/wp\/v2\/users\/4"}],"replies":[{"embeddable":true,"href":"https:\/\/revistaesperanzas.com\/web\/wp-json\/wp\/v2\/comments?post=141953"}],"version-history":[{"count":1,"href":"https:\/\/revistaesperanzas.com\/web\/wp-json\/wp\/v2\/posts\/141953\/revisions"}],"predecessor-version":[{"id":141955,"href":"https:\/\/revistaesperanzas.com\/web\/wp-json\/wp\/v2\/posts\/141953\/revisions\/141955"}],"wp:featuredmedia":[{"embeddable":true,"href":"https:\/\/revistaesperanzas.com\/web\/wp-json\/wp\/v2\/media\/141954"}],"wp:attachment":[{"href":"https:\/\/revistaesperanzas.com\/web\/wp-json\/wp\/v2\/media?parent=141953"}],"wp:term":[{"taxonomy":"category","embeddable":true,"href":"https:\/\/revistaesperanzas.com\/web\/wp-json\/wp\/v2\/categories?post=141953"},{"taxonomy":"post_tag","embeddable":true,"href":"https:\/\/revistaesperanzas.com\/web\/wp-json\/wp\/v2\/tags?post=141953"}],"curies":[{"name":"wp","href":"https:\/\/api.w.org\/{rel}","templated":true}]}}