{"id":141956,"date":"2026-01-08T10:36:44","date_gmt":"2026-01-08T13:36:44","guid":{"rendered":"https:\/\/revistaesperanzas.com\/web\/?p=141956"},"modified":"2026-01-08T14:07:52","modified_gmt":"2026-01-08T17:07:52","slug":"investigan-la-muerte-de-una-persona-en-inmediaciones-del-predio-del-gaucho-gil-en-mercedes","status":"publish","type":"post","link":"https:\/\/revistaesperanzas.com\/web\/2026\/01\/investigan-la-muerte-de-una-persona-en-inmediaciones-del-predio-del-gaucho-gil-en-mercedes\/","title":{"rendered":"INVESTIGAN LA MUERTE DE UNA PERSONA EN INMEDIACIONES DEL PREDIO DEL GAUCHO GIL EN MERCEDES"},"content":{"rendered":"<p>MERCEDES\u00a0 &#8211;\u00a0 Investigan la muerte de un hombre que se descompenso en inmediaciones del predio de la Cruz Gil<\/p>\n<p>En horas de la ma\u00f1ana de hoy 08-01-26, efectivos policiales de la Comisar\u00eda de distrito tercera de Mercedes, tomaron conocimiento que un hombre se habr\u00eda descompensado (atragantado) cuando aparentemente consum\u00eda alg\u00fan tipo de comestible lo que le habr\u00eda provocado la obstrucci\u00f3n de su v\u00eda respiratoria, lo cual luego le provocara su fallecimiento.<\/p>\n<p>Conforme a las primeras averiguaciones, del hecho habr\u00eda ocurrido cerca de las 06.00 horas, cuando en un sector de estacionamiento de colectivos en las adyacencias del predio del gauchito gil, por Ruta Nacional N\u00b0123 km 103, un hombre de 64 a\u00f1os oriundo de la Provincia de Buenos Aires que vino con un contingente de turistas, ten\u00eda dificultades para respirar, quien pese a ser auxiliado r\u00e1pidamente, se habr\u00eda producido su deceso. Quien tras el primer examen del personal m\u00e9dico pudo adelantar se habr\u00eda obstruido su v\u00eda respiratoria por un producto alimenticio.<\/p>\n<p>El hombre fue puesto a disposici\u00f3n de la autoridad fiscal interviniente, siendo trasladado a la morgue local a efectos de practic\u00e1rsele el examen m\u00e9dico correspondiente, en tanto, en la citada dependencia policial se prosigue con los tr\u00e1mites del caso.<a href=\"https:\/\/revistaesperanzas.com\/web\/2026\/01\/investigan-la-muerte-de-una-persona-en-inmediaciones-del-predio-del-gaucho-gil-en-mercedes\/predio-gauchito-gil\/\" rel=\"attachment wp-att-141963\"><img loading=\"lazy\" decoding=\"async\" class=\" wp-image-141963 alignleft\" src=\"https:\/\/revistaesperanzas.com\/web\/wp-content\/uploads\/2026\/01\/PREDIO-GAUCHITO-GIL.jpg\" alt=\"\" width=\"685\" height=\"1331\" srcset=\"https:\/\/revistaesperanzas.com\/web\/wp-content\/uploads\/2026\/01\/PREDIO-GAUCHITO-GIL.jpg 598w, https:\/\/revistaesperanzas.com\/web\/wp-content\/uploads\/2026\/01\/PREDIO-GAUCHITO-GIL-216x420.jpg 216w\" sizes=\"auto, (max-width: 685px) 100vw, 685px\" \/><\/a><\/p>\n","protected":false},"excerpt":{"rendered":"<p>MERCEDES\u00a0 &#8211;\u00a0 Investigan la muerte de un hombre que se descompenso en inmediaciones del predio de la Cruz Gil En horas de la ma\u00f1ana de hoy 08-01-26, efectivos policiales de la Comisar\u00eda de distrito tercera de Mercedes, tomaron conocimiento que un hombre se habr\u00eda descompensado (atragantado) cuando aparentemente consum\u00eda alg\u00fan tipo de comestible lo que [&hellip;]<\/p>\n","protected":false},"author":4,"featured_media":141957,"comment_status":"closed","ping_status":"closed","sticky":false,"template":"","format":"standard","meta":{"footnotes":""},"categories":[58],"tags":[],"class_list":{"0":"post-141956","1":"post","2":"type-post","3":"status-publish","4":"format-standard","5":"has-post-thumbnail","7":"category-corrientes"},"_links":{"self":[{"href":"https:\/\/revistaesperanzas.com\/web\/wp-json\/wp\/v2\/posts\/141956","targetHints":{"allow":["GET"]}}],"collection":[{"href":"https:\/\/revistaesperanzas.com\/web\/wp-json\/wp\/v2\/posts"}],"about":[{"href":"https:\/\/revistaesperanzas.com\/web\/wp-json\/wp\/v2\/types\/post"}],"author":[{"embeddable":true,"href":"https:\/\/revistaesperanzas.com\/web\/wp-json\/wp\/v2\/users\/4"}],"replies":[{"embeddable":true,"href":"https:\/\/revistaesperanzas.com\/web\/wp-json\/wp\/v2\/comments?post=141956"}],"version-history":[{"count":2,"href":"https:\/\/revistaesperanzas.com\/web\/wp-json\/wp\/v2\/posts\/141956\/revisions"}],"predecessor-version":[{"id":141964,"href":"https:\/\/revistaesperanzas.com\/web\/wp-json\/wp\/v2\/posts\/141956\/revisions\/141964"}],"wp:featuredmedia":[{"embeddable":true,"href":"https:\/\/revistaesperanzas.com\/web\/wp-json\/wp\/v2\/media\/141957"}],"wp:attachment":[{"href":"https:\/\/revistaesperanzas.com\/web\/wp-json\/wp\/v2\/media?parent=141956"}],"wp:term":[{"taxonomy":"category","embeddable":true,"href":"https:\/\/revistaesperanzas.com\/web\/wp-json\/wp\/v2\/categories?post=141956"},{"taxonomy":"post_tag","embeddable":true,"href":"https:\/\/revistaesperanzas.com\/web\/wp-json\/wp\/v2\/tags?post=141956"}],"curies":[{"name":"wp","href":"https:\/\/api.w.org\/{rel}","templated":true}]}}