{"id":141959,"date":"2026-01-08T13:36:36","date_gmt":"2026-01-08T16:36:36","guid":{"rendered":"https:\/\/revistaesperanzas.com\/web\/?p=141959"},"modified":"2026-01-08T13:36:36","modified_gmt":"2026-01-08T16:36:36","slug":"policia-de-corrientes-recupera-otra-moto-robada-2","status":"publish","type":"post","link":"https:\/\/revistaesperanzas.com\/web\/2026\/01\/policia-de-corrientes-recupera-otra-moto-robada-2\/","title":{"rendered":"POLIC\u00cdA DE CORRIENTES RECUPERA OTRA MOTO ROBADA"},"content":{"rendered":"<p>MERCEDES\u00a0 &#8211;\u00a0 La polic\u00eda tras tareas investigativas logro recuperar una motocicleta denunciada como sustra\u00edda.<\/p>\n<p>En la jornada de ayer 07-01-26, efectivos policiales de la Comisaria de Distrito Primera de Mercedes con la colaboraci\u00f3n con la unidad fiscal interviniente, en el marco de una investigaci\u00f3n por un hecho delictivo ocurrido en el Barrio San Pedro de esta Localidad, tras tareas investigativas diligenciaron una orden de allanamiento.<\/p>\n<p>El procedimiento lo llevaron a cabo, luego de tomar conocimiento del accionar delictivo, por lo que de manera inmediata iniciaron un intenso trabajo investigativo lo que posibilito diligenciar una orden de allanamiento logrando secuestrar una motocicleta que seg\u00fan las primeras averiguaciones resulto que registrar\u00eda pedido de secuestro ya que aparentemente habr\u00eda sido denunciada como sustra\u00edda<\/p>\n<p>Al respecto, el rodado fue trasladado hasta la citada dependencia policial donde se llevan adelante las diligencias de rigor.<\/p>\n","protected":false},"excerpt":{"rendered":"<p>MERCEDES\u00a0 &#8211;\u00a0 La polic\u00eda tras tareas investigativas logro recuperar una motocicleta denunciada como sustra\u00edda. En la jornada de ayer 07-01-26, efectivos policiales de la Comisaria de Distrito Primera de Mercedes con la colaboraci\u00f3n con la unidad fiscal interviniente, en el marco de una investigaci\u00f3n por un hecho delictivo ocurrido en el Barrio San Pedro de [&hellip;]<\/p>\n","protected":false},"author":4,"featured_media":141960,"comment_status":"closed","ping_status":"closed","sticky":false,"template":"","format":"standard","meta":{"footnotes":""},"categories":[58],"tags":[],"class_list":{"0":"post-141959","1":"post","2":"type-post","3":"status-publish","4":"format-standard","5":"has-post-thumbnail","7":"category-corrientes"},"_links":{"self":[{"href":"https:\/\/revistaesperanzas.com\/web\/wp-json\/wp\/v2\/posts\/141959","targetHints":{"allow":["GET"]}}],"collection":[{"href":"https:\/\/revistaesperanzas.com\/web\/wp-json\/wp\/v2\/posts"}],"about":[{"href":"https:\/\/revistaesperanzas.com\/web\/wp-json\/wp\/v2\/types\/post"}],"author":[{"embeddable":true,"href":"https:\/\/revistaesperanzas.com\/web\/wp-json\/wp\/v2\/users\/4"}],"replies":[{"embeddable":true,"href":"https:\/\/revistaesperanzas.com\/web\/wp-json\/wp\/v2\/comments?post=141959"}],"version-history":[{"count":1,"href":"https:\/\/revistaesperanzas.com\/web\/wp-json\/wp\/v2\/posts\/141959\/revisions"}],"predecessor-version":[{"id":141961,"href":"https:\/\/revistaesperanzas.com\/web\/wp-json\/wp\/v2\/posts\/141959\/revisions\/141961"}],"wp:featuredmedia":[{"embeddable":true,"href":"https:\/\/revistaesperanzas.com\/web\/wp-json\/wp\/v2\/media\/141960"}],"wp:attachment":[{"href":"https:\/\/revistaesperanzas.com\/web\/wp-json\/wp\/v2\/media?parent=141959"}],"wp:term":[{"taxonomy":"category","embeddable":true,"href":"https:\/\/revistaesperanzas.com\/web\/wp-json\/wp\/v2\/categories?post=141959"},{"taxonomy":"post_tag","embeddable":true,"href":"https:\/\/revistaesperanzas.com\/web\/wp-json\/wp\/v2\/tags?post=141959"}],"curies":[{"name":"wp","href":"https:\/\/api.w.org\/{rel}","templated":true}]}}