{"id":141965,"date":"2026-01-08T14:14:49","date_gmt":"2026-01-08T17:14:49","guid":{"rendered":"https:\/\/revistaesperanzas.com\/web\/?p=141965"},"modified":"2026-01-08T14:14:49","modified_gmt":"2026-01-08T17:14:49","slug":"mercedespersonal-policial-recupera-pertenencias-que-le-habrian-sustraido-a-un-sacerdote","status":"publish","type":"post","link":"https:\/\/revistaesperanzas.com\/web\/2026\/01\/mercedespersonal-policial-recupera-pertenencias-que-le-habrian-sustraido-a-un-sacerdote\/","title":{"rendered":"MERCEDES:PERSONAL POLICIAL RECUPERA PERTENENCIAS QUE LE HABR\u00cdAN SUSTRAIDO A UN SACERDOTE"},"content":{"rendered":"<p>Efectivos policiales de la Comisar\u00eda Distrito Tercera de Mercedes, en el marco de labores de investigaci\u00f3n desplegadas en colaboraci\u00f3n con la unidad fiscal interviniente, en relaci\u00f3n a un hecho delictivo perpetrado el pasado 05-01-26, cuando un sacerdote habr\u00eda sufrido la sustracci\u00f3n de un portafolio, finalmente lograron hallar y recuperarlo.<\/p>\n<p>El hecho se habr\u00eda registrado el pasado 05-01-26, cuando presuntamente el cura p\u00e1rroco se encontraba oficiando una misa en el santuario del \u201cgauchito gil\u201d como lo hace de manera habitual y previo al dispositivo especial de seguridad implementado en conmemoraci\u00f3n al d\u00eda del mismo, habr\u00eda notado que personas de identidad desconocida le habr\u00edan sustra\u00eddo un portafolio que conten\u00eda en su interior una biblia, un rosario, libro y una estola, que habr\u00eda dejado en uno de los laterales del lugar.<\/p>\n<p>Ante tal circunstancia y de forma inmediata, los polic\u00edas iniciaron un intenso despliegue, que posibilit\u00f3 finalmente hallar y recuperar las cosas que fueran denuncias como sustra\u00eddas.<\/p>\n<p>Lo recuperado fue puesto a disposici\u00f3n de la autoridad fiscal interviniente, siendo trasladados a la citada dependencia policial donde prosigue con los tr\u00e1mites del caso.<\/p>\n","protected":false},"excerpt":{"rendered":"<p>Efectivos policiales de la Comisar\u00eda Distrito Tercera de Mercedes, en el marco de labores de investigaci\u00f3n desplegadas en colaboraci\u00f3n con la unidad fiscal interviniente, en relaci\u00f3n a un hecho delictivo perpetrado el pasado 05-01-26, cuando un sacerdote habr\u00eda sufrido la sustracci\u00f3n de un portafolio, finalmente lograron hallar y recuperarlo. El hecho se habr\u00eda registrado el [&hellip;]<\/p>\n","protected":false},"author":4,"featured_media":141966,"comment_status":"closed","ping_status":"closed","sticky":false,"template":"","format":"standard","meta":{"footnotes":""},"categories":[58],"tags":[],"class_list":{"0":"post-141965","1":"post","2":"type-post","3":"status-publish","4":"format-standard","5":"has-post-thumbnail","7":"category-corrientes"},"_links":{"self":[{"href":"https:\/\/revistaesperanzas.com\/web\/wp-json\/wp\/v2\/posts\/141965","targetHints":{"allow":["GET"]}}],"collection":[{"href":"https:\/\/revistaesperanzas.com\/web\/wp-json\/wp\/v2\/posts"}],"about":[{"href":"https:\/\/revistaesperanzas.com\/web\/wp-json\/wp\/v2\/types\/post"}],"author":[{"embeddable":true,"href":"https:\/\/revistaesperanzas.com\/web\/wp-json\/wp\/v2\/users\/4"}],"replies":[{"embeddable":true,"href":"https:\/\/revistaesperanzas.com\/web\/wp-json\/wp\/v2\/comments?post=141965"}],"version-history":[{"count":1,"href":"https:\/\/revistaesperanzas.com\/web\/wp-json\/wp\/v2\/posts\/141965\/revisions"}],"predecessor-version":[{"id":141967,"href":"https:\/\/revistaesperanzas.com\/web\/wp-json\/wp\/v2\/posts\/141965\/revisions\/141967"}],"wp:featuredmedia":[{"embeddable":true,"href":"https:\/\/revistaesperanzas.com\/web\/wp-json\/wp\/v2\/media\/141966"}],"wp:attachment":[{"href":"https:\/\/revistaesperanzas.com\/web\/wp-json\/wp\/v2\/media?parent=141965"}],"wp:term":[{"taxonomy":"category","embeddable":true,"href":"https:\/\/revistaesperanzas.com\/web\/wp-json\/wp\/v2\/categories?post=141965"},{"taxonomy":"post_tag","embeddable":true,"href":"https:\/\/revistaesperanzas.com\/web\/wp-json\/wp\/v2\/tags?post=141965"}],"curies":[{"name":"wp","href":"https:\/\/api.w.org\/{rel}","templated":true}]}}