{"id":141968,"date":"2026-01-08T14:23:18","date_gmt":"2026-01-08T17:23:18","guid":{"rendered":"https:\/\/revistaesperanzas.com\/web\/?p=141968"},"modified":"2026-01-08T14:23:18","modified_gmt":"2026-01-08T17:23:18","slug":"este-fin-de-semana-goya-sera-epicentro-del-aguas-abiertas-en-playa-el-inga","status":"publish","type":"post","link":"https:\/\/revistaesperanzas.com\/web\/2026\/01\/este-fin-de-semana-goya-sera-epicentro-del-aguas-abiertas-en-playa-el-inga\/","title":{"rendered":"ESTE FIN DE SEMANA, GOYA SER\u00c1 EPICENTRO DEL AGUAS ABIERTAS EN PLAYA EL ING\u00c1"},"content":{"rendered":"<p class=\"x_MsoNormal\"><span data-olk-copy-source=\"MessageBody\">\u00a1Vuelve una de las competencias m\u00e1s esperadas del verano!<\/span><\/p>\n<p class=\"x_MsoNormal\">Este domingo 11 de enero se realizar\u00e1 una fecha de Aguas Abiertas en la playa El Inga, Costanera Norte. Se espera una buena cantidad de inscriptos, alrededor de 100 participantes, que competir\u00e1n en diferentes distancias.<\/p>\n<p class=\"x_MsoNormal\">Desde la Direcci\u00f3n de Deportes invitamos a todos los nadadores y amantes del agua a ser parte de esta nueva edici\u00f3n en el incre\u00edble escenario natural de Playa El Ing\u00e1, sobre nuestra hermosa Costanera Norte.<a href=\"https:\/\/revistaesperanzas.com\/web\/2026\/01\/este-fin-de-semana-goya-sera-epicentro-del-aguas-abiertas-en-playa-el-inga\/aguas-abiertas-goya-2026-este-domingo11-foto-archivo\/\" rel=\"attachment wp-att-141970\"><img loading=\"lazy\" decoding=\"async\" class=\" wp-image-141970 alignleft\" src=\"https:\/\/revistaesperanzas.com\/web\/wp-content\/uploads\/2026\/01\/aguas-abiertas-goya-2026-este-domingo11.foto-archivo.jpg\" alt=\"\" width=\"549\" height=\"412\" srcset=\"https:\/\/revistaesperanzas.com\/web\/wp-content\/uploads\/2026\/01\/aguas-abiertas-goya-2026-este-domingo11.foto-archivo.jpg 600w, https:\/\/revistaesperanzas.com\/web\/wp-content\/uploads\/2026\/01\/aguas-abiertas-goya-2026-este-domingo11.foto-archivo-560x420.jpg 560w, https:\/\/revistaesperanzas.com\/web\/wp-content\/uploads\/2026\/01\/aguas-abiertas-goya-2026-este-domingo11.foto-archivo-80x60.jpg 80w, https:\/\/revistaesperanzas.com\/web\/wp-content\/uploads\/2026\/01\/aguas-abiertas-goya-2026-este-domingo11.foto-archivo-265x198.jpg 265w\" sizes=\"auto, (max-width: 549px) 100vw, 549px\" \/><\/a><\/p>\n<p class=\"x_MsoNormal\">Ser\u00e1 una jornada para disfrutar del deporte, el r\u00edo y el esp\u00edritu competitivo que caracteriza a cada participante.<\/p>\n<p class=\"x_MsoNormal\">Goya se prepara para recibirte. Te esperamos para vivir juntos otra fiesta del deporte y el turismo en nuestra ciudad.<\/p>\n<p class=\"x_MsoNormal\">Desde la organizaci\u00f3n destacaron que \u201cel nivel que vamos a tener el domingo en la ciudad ser\u00e1 excelente, con los mejores nadadores del pa\u00eds&#8221;.<\/p>\n<p class=\"x_MsoNormal\">El evento contar\u00e1 con diferentes distancias, incluyendo pruebas de 3000, 1500 y 450 metros, dise\u00f1adas para nadadores de todos los niveles.<\/p>\n<p class=\"x_MsoNormal\">La organizaci\u00f3n est\u00e1 ultimando los detalles para recibir a los competidores en Goya, con la convocatoria programada a partir de las 7 de la ma\u00f1ana para la entrega de kits.<\/p>\n<p class=\"x_MsoNormal\">El Aguas Abiertas de Goya se posiciona a\u00f1o a a\u00f1o como uno de los eventos deportivos acu\u00e1ticos m\u00e1s importantes de la regi\u00f3n.<\/p>\n<p class=\"x_MsoNormal\">Esto es posible gracias al apoyo del intendente municipal Mariano Hormaechea por seguir potenciando los eventos deportivos y tur\u00edsticos.<\/p>\n<p class=\"x_MsoNormal\">Gracias a todos por ser parte de este incre\u00edble evento que nos conecta con el agua y el esp\u00edritu de superaci\u00f3n.<\/p>\n","protected":false},"excerpt":{"rendered":"<p>\u00a1Vuelve una de las competencias m\u00e1s esperadas del verano! Este domingo 11 de enero se realizar\u00e1 una fecha de Aguas Abiertas en la playa El Inga, Costanera Norte. Se espera una buena cantidad de inscriptos, alrededor de 100 participantes, que competir\u00e1n en diferentes distancias. Desde la Direcci\u00f3n de Deportes invitamos a todos los nadadores y [&hellip;]<\/p>\n","protected":false},"author":4,"featured_media":141969,"comment_status":"closed","ping_status":"closed","sticky":false,"template":"","format":"standard","meta":{"footnotes":""},"categories":[45],"tags":[],"class_list":{"0":"post-141968","1":"post","2":"type-post","3":"status-publish","4":"format-standard","5":"has-post-thumbnail","7":"category-locales"},"_links":{"self":[{"href":"https:\/\/revistaesperanzas.com\/web\/wp-json\/wp\/v2\/posts\/141968","targetHints":{"allow":["GET"]}}],"collection":[{"href":"https:\/\/revistaesperanzas.com\/web\/wp-json\/wp\/v2\/posts"}],"about":[{"href":"https:\/\/revistaesperanzas.com\/web\/wp-json\/wp\/v2\/types\/post"}],"author":[{"embeddable":true,"href":"https:\/\/revistaesperanzas.com\/web\/wp-json\/wp\/v2\/users\/4"}],"replies":[{"embeddable":true,"href":"https:\/\/revistaesperanzas.com\/web\/wp-json\/wp\/v2\/comments?post=141968"}],"version-history":[{"count":2,"href":"https:\/\/revistaesperanzas.com\/web\/wp-json\/wp\/v2\/posts\/141968\/revisions"}],"predecessor-version":[{"id":141972,"href":"https:\/\/revistaesperanzas.com\/web\/wp-json\/wp\/v2\/posts\/141968\/revisions\/141972"}],"wp:featuredmedia":[{"embeddable":true,"href":"https:\/\/revistaesperanzas.com\/web\/wp-json\/wp\/v2\/media\/141969"}],"wp:attachment":[{"href":"https:\/\/revistaesperanzas.com\/web\/wp-json\/wp\/v2\/media?parent=141968"}],"wp:term":[{"taxonomy":"category","embeddable":true,"href":"https:\/\/revistaesperanzas.com\/web\/wp-json\/wp\/v2\/categories?post=141968"},{"taxonomy":"post_tag","embeddable":true,"href":"https:\/\/revistaesperanzas.com\/web\/wp-json\/wp\/v2\/tags?post=141968"}],"curies":[{"name":"wp","href":"https:\/\/api.w.org\/{rel}","templated":true}]}}