{"id":141990,"date":"2026-01-08T19:19:18","date_gmt":"2026-01-08T22:19:18","guid":{"rendered":"https:\/\/revistaesperanzas.com\/web\/?p=141990"},"modified":"2026-01-08T19:19:18","modified_gmt":"2026-01-08T22:19:18","slug":"proteccion-del-arbolado-urbano","status":"publish","type":"post","link":"https:\/\/revistaesperanzas.com\/web\/2026\/01\/proteccion-del-arbolado-urbano\/","title":{"rendered":"\u201cPROTECCION DEL ARBOLADO URBANO\u201d"},"content":{"rendered":"<p style=\"font-weight: 400;\">Recomendaciones y requisitos para la poda y reemplazo de especies arb\u00f3reas<\/p>\n<p style=\"font-weight: 400;\">La Direcci\u00f3n de Recursos Naturales y Medio Ambiente de la Municipalidad de Goya, recuerda la Vigencia de la Ordenanza 1247\/2005; a trav\u00e9s de la cual se establece y dispone las condiciones para solicitar la poda de \u00e1rboles.<a href=\"https:\/\/revistaesperanzas.com\/web\/2026\/01\/proteccion-del-arbolado-urbano\/proteccion-arbolado-urbano-poda-ilystracion-3-flyr-ordenanza\/\" rel=\"attachment wp-att-141992\"><img loading=\"lazy\" decoding=\"async\" class=\" wp-image-141992 alignright\" src=\"https:\/\/revistaesperanzas.com\/web\/wp-content\/uploads\/2026\/01\/proteccion-arbolado-urbano-poda-ilystracion-3-flyr-ordenanza.jpg\" alt=\"\" width=\"501\" height=\"426\" srcset=\"https:\/\/revistaesperanzas.com\/web\/wp-content\/uploads\/2026\/01\/proteccion-arbolado-urbano-poda-ilystracion-3-flyr-ordenanza.jpg 600w, https:\/\/revistaesperanzas.com\/web\/wp-content\/uploads\/2026\/01\/proteccion-arbolado-urbano-poda-ilystracion-3-flyr-ordenanza-494x420.jpg 494w\" sizes=\"auto, (max-width: 501px) 100vw, 501px\" \/><\/a><\/p>\n<p style=\"font-weight: 400;\">La poda de \u00e1rboles-explica la repartici\u00f3n municipal- es la pr\u00e1ctica de recortar selectivamente ramas, parte de ramas o incluso ra\u00edces de un \u00e1rbol, con un objetivo espec\u00edfico, como ser mejorar su salud, estructura, apariencia o producci\u00f3n.<\/p>\n<p style=\"font-weight: 400;\">PARA TENER EN CUENTA:<\/p>\n<p style=\"font-weight: 400;\">La poda debe realizarse en la \u00e9poca correcta: la mayor\u00eda de los cortes se efect\u00faan en invierno o principios de primavera, cuando las especies est\u00e1n en reposo.<\/p>\n<p style=\"font-weight: 400;\">NO SE DEBE HACER:<\/p>\n<p style=\"font-weight: 400;\">Desmochado o terciado<\/p>\n<p style=\"font-weight: 400;\">No se realizar\u00e1 podas severas que involucren el corte de grandes ramas, porque debilitan el \u00e1rbol y pueden causar da\u00f1os irreversibles.<\/p>\n<p style=\"font-weight: 400;\">El desmochado es una poda destructiva que corta las ramas principales a ras del tronco, dejando &#8220;mu\u00f1ones&#8221;, mientras que el terciado reduce la altura cortando las ramas dejando aproximadamente un tercio de su longitud; ambas son podas severas y da\u00f1inas, que debilitan al \u00e1rbol, lo exponen a enfermedades, plagas y quemaduras solares, y alteran su estructura natural.<a href=\"https:\/\/revistaesperanzas.com\/web\/2026\/01\/proteccion-del-arbolado-urbano\/proteccion-arbolado-urbano-poda-ilystracion-1\/\" rel=\"attachment wp-att-141993\"><img loading=\"lazy\" decoding=\"async\" class=\" wp-image-141993 alignleft\" src=\"https:\/\/revistaesperanzas.com\/web\/wp-content\/uploads\/2026\/01\/proteccion-arbolado-urbano-poda-ilystracion-1.jpg\" alt=\"\" width=\"501\" height=\"416\" srcset=\"https:\/\/revistaesperanzas.com\/web\/wp-content\/uploads\/2026\/01\/proteccion-arbolado-urbano-poda-ilystracion-1.jpg 600w, https:\/\/revistaesperanzas.com\/web\/wp-content\/uploads\/2026\/01\/proteccion-arbolado-urbano-poda-ilystracion-1-506x420.jpg 506w\" sizes=\"auto, (max-width: 501px) 100vw, 501px\" \/><\/a><\/p>\n<p style=\"font-weight: 400;\">Las recomendadas: la poda de formaci\u00f3n y mantenimiento<\/p>\n<p style=\"font-weight: 400;\">REQUISITOS<\/p>\n<p style=\"font-weight: 400;\">La Direcci\u00f3n de Recursos Naturales de la Municipalidad, pone en conocimiento de los vecinos los requisitos que se deben cumplimentar:<\/p>\n<p style=\"font-weight: 400;\">1- Presentar Nota en Mesa de Entrada de la Municipalidad de Goya, donde se arma un expediente, dirigida a la Directora de la mencionada repartici\u00f3n municipal Se\u00f1ora Adriana Gomez Arizaga.<\/p>\n<p style=\"font-weight: 400;\">2-\u00a0\u00a0\u00a0\u00a0Datos del Solicitante: Direcci\u00f3n y un n\u00famero de contacto, de tel\u00e9fono.<\/p>\n<p style=\"font-weight: 400;\">En caso de corte\/extracci\u00f3n del \u00e1rbol, explicar el motivo, ubicaci\u00f3n y direcci\u00f3n para verificar el lugar.<\/p>\n<p style=\"font-weight: 400;\">Finalmente recuerda: Deber\u00e1 colocar el reemplazo del \u00e1rbol extra\u00eddo por una especie nativa apta a la dimensi\u00f3n de la vereda.<\/p>\n","protected":false},"excerpt":{"rendered":"<p>Recomendaciones y requisitos para la poda y reemplazo de especies arb\u00f3reas La Direcci\u00f3n de Recursos Naturales y Medio Ambiente de la Municipalidad de Goya, recuerda la Vigencia de la Ordenanza 1247\/2005; a trav\u00e9s de la cual se establece y dispone las condiciones para solicitar la poda de \u00e1rboles. La poda de \u00e1rboles-explica la repartici\u00f3n municipal- [&hellip;]<\/p>\n","protected":false},"author":4,"featured_media":141991,"comment_status":"closed","ping_status":"closed","sticky":false,"template":"","format":"standard","meta":{"footnotes":""},"categories":[45],"tags":[],"class_list":{"0":"post-141990","1":"post","2":"type-post","3":"status-publish","4":"format-standard","5":"has-post-thumbnail","7":"category-locales"},"_links":{"self":[{"href":"https:\/\/revistaesperanzas.com\/web\/wp-json\/wp\/v2\/posts\/141990","targetHints":{"allow":["GET"]}}],"collection":[{"href":"https:\/\/revistaesperanzas.com\/web\/wp-json\/wp\/v2\/posts"}],"about":[{"href":"https:\/\/revistaesperanzas.com\/web\/wp-json\/wp\/v2\/types\/post"}],"author":[{"embeddable":true,"href":"https:\/\/revistaesperanzas.com\/web\/wp-json\/wp\/v2\/users\/4"}],"replies":[{"embeddable":true,"href":"https:\/\/revistaesperanzas.com\/web\/wp-json\/wp\/v2\/comments?post=141990"}],"version-history":[{"count":2,"href":"https:\/\/revistaesperanzas.com\/web\/wp-json\/wp\/v2\/posts\/141990\/revisions"}],"predecessor-version":[{"id":141995,"href":"https:\/\/revistaesperanzas.com\/web\/wp-json\/wp\/v2\/posts\/141990\/revisions\/141995"}],"wp:featuredmedia":[{"embeddable":true,"href":"https:\/\/revistaesperanzas.com\/web\/wp-json\/wp\/v2\/media\/141991"}],"wp:attachment":[{"href":"https:\/\/revistaesperanzas.com\/web\/wp-json\/wp\/v2\/media?parent=141990"}],"wp:term":[{"taxonomy":"category","embeddable":true,"href":"https:\/\/revistaesperanzas.com\/web\/wp-json\/wp\/v2\/categories?post=141990"},{"taxonomy":"post_tag","embeddable":true,"href":"https:\/\/revistaesperanzas.com\/web\/wp-json\/wp\/v2\/tags?post=141990"}],"curies":[{"name":"wp","href":"https:\/\/api.w.org\/{rel}","templated":true}]}}