{"id":141996,"date":"2026-01-08T19:25:23","date_gmt":"2026-01-08T22:25:23","guid":{"rendered":"https:\/\/revistaesperanzas.com\/web\/?p=141996"},"modified":"2026-01-08T19:25:23","modified_gmt":"2026-01-08T22:25:23","slug":"recorrido-con-historia-en-goya","status":"publish","type":"post","link":"https:\/\/revistaesperanzas.com\/web\/2026\/01\/recorrido-con-historia-en-goya\/","title":{"rendered":"RECORRIDO CON HISTORIA EN GOYA"},"content":{"rendered":"<p style=\"font-weight: 400;\">Variada oferta para conocer, recorrer la ciudad de Goya, las propuestas para esta temporada se intensifican de diversas maneras, en un programa de visitas, sin dudas un<a href=\"https:\/\/revistaesperanzas.com\/web\/2026\/01\/recorrido-con-historia-en-goya\/visita-al-museo-sanmartiniano-goya-5\/\" rel=\"attachment wp-att-141998\"><img loading=\"lazy\" decoding=\"async\" class=\" wp-image-141998 alignright\" src=\"https:\/\/revistaesperanzas.com\/web\/wp-content\/uploads\/2026\/01\/visita-al-Museo-Sanmartiniano-Goya-5.jpg\" alt=\"\" width=\"451\" height=\"476\" srcset=\"https:\/\/revistaesperanzas.com\/web\/wp-content\/uploads\/2026\/01\/visita-al-Museo-Sanmartiniano-Goya-5.jpg 600w, https:\/\/revistaesperanzas.com\/web\/wp-content\/uploads\/2026\/01\/visita-al-Museo-Sanmartiniano-Goya-5-398x420.jpg 398w\" sizes=\"auto, (max-width: 451px) 100vw, 451px\" \/><\/a> espacio que invita a ser recorrido para descubrir aspectos de la haza\u00f1a emancipadora del Gran Capit\u00e1n de Am\u00e9rica, es el Museo Sanmartiniano, situado en las dependencias del ex ferrocarril General Urquiza.<\/p>\n<p style=\"font-weight: 400;\">La Asociaci\u00f3n Cultural Sanmartiniana destaca que, durante estos primeros d\u00edas del a\u00f1o 2026, el museo se ha convertido en el punto de encuentro de ni\u00f1os, adolescentes, j\u00f3venes y adultos. Un lugar propicio para conocer la historia del<a href=\"https:\/\/revistaesperanzas.com\/web\/2026\/01\/recorrido-con-historia-en-goya\/visita-al-museo-sanmartiniano-goya-4\/\" rel=\"attachment wp-att-141999\"><img loading=\"lazy\" decoding=\"async\" class=\" wp-image-141999 alignleft\" src=\"https:\/\/revistaesperanzas.com\/web\/wp-content\/uploads\/2026\/01\/visita-al-Museo-Sanmartiniano-Goya-4.jpg\" alt=\"\" width=\"450\" height=\"309\" srcset=\"https:\/\/revistaesperanzas.com\/web\/wp-content\/uploads\/2026\/01\/visita-al-Museo-Sanmartiniano-Goya-4.jpg 600w, https:\/\/revistaesperanzas.com\/web\/wp-content\/uploads\/2026\/01\/visita-al-Museo-Sanmartiniano-Goya-4-218x150.jpg 218w, https:\/\/revistaesperanzas.com\/web\/wp-content\/uploads\/2026\/01\/visita-al-Museo-Sanmartiniano-Goya-4-100x70.jpg 100w\" sizes=\"auto, (max-width: 450px) 100vw, 450px\" \/><\/a> Gral. San Mart\u00edn.<\/p>\n<p style=\"font-weight: 400;\">\u201cQu\u00e9 emoci\u00f3n produce ver a ni\u00f1os recorrer con entusiasmo el Museo Sanmartiniano.\u201d Manifestaron en sus redes oficiales.<\/p>\n<p style=\"font-weight: 400;\">Para agregar: \u201cQue la ni\u00f1ez pueda disfrutar de este paseo que promueve<a href=\"https:\/\/revistaesperanzas.com\/web\/2026\/01\/recorrido-con-historia-en-goya\/visita-al-museo-sanmartiniano-goya-1\/\" rel=\"attachment wp-att-142000\"><img loading=\"lazy\" decoding=\"async\" class=\" wp-image-142000 alignright\" src=\"https:\/\/revistaesperanzas.com\/web\/wp-content\/uploads\/2026\/01\/visita-al-Museo-Sanmartiniano-Goya-1.jpg\" alt=\"\" width=\"451\" height=\"326\" srcset=\"https:\/\/revistaesperanzas.com\/web\/wp-content\/uploads\/2026\/01\/visita-al-Museo-Sanmartiniano-Goya-1.jpg 600w, https:\/\/revistaesperanzas.com\/web\/wp-content\/uploads\/2026\/01\/visita-al-Museo-Sanmartiniano-Goya-1-581x420.jpg 581w, https:\/\/revistaesperanzas.com\/web\/wp-content\/uploads\/2026\/01\/visita-al-Museo-Sanmartiniano-Goya-1-324x235.jpg 324w\" sizes=\"auto, (max-width: 451px) 100vw, 451px\" \/><\/a> conocimientos de nuestra historia emancipadora es una satisfacci\u00f3n.\u201d<\/p>\n<p style=\"font-weight: 400;\">Finalmente, desde la Asociaci\u00f3n Cultural Sanmartiniana de Goya, agradecen a \u201clas familias que colaboran para que los ni\u00f1os visiten el Museo y a Sandra Espindola (personal de la Municipalidad de Goya) por estar all\u00ed y oficiar de gu\u00eda.\u201d<\/p>\n","protected":false},"excerpt":{"rendered":"<p>Variada oferta para conocer, recorrer la ciudad de Goya, las propuestas para esta temporada se intensifican de diversas maneras, en un programa de visitas, sin dudas un espacio que invita a ser recorrido para descubrir aspectos de la haza\u00f1a emancipadora del Gran Capit\u00e1n de Am\u00e9rica, es el Museo Sanmartiniano, situado en las dependencias del ex [&hellip;]<\/p>\n","protected":false},"author":4,"featured_media":141997,"comment_status":"closed","ping_status":"closed","sticky":false,"template":"","format":"standard","meta":{"footnotes":""},"categories":[45],"tags":[],"class_list":{"0":"post-141996","1":"post","2":"type-post","3":"status-publish","4":"format-standard","5":"has-post-thumbnail","7":"category-locales"},"_links":{"self":[{"href":"https:\/\/revistaesperanzas.com\/web\/wp-json\/wp\/v2\/posts\/141996","targetHints":{"allow":["GET"]}}],"collection":[{"href":"https:\/\/revistaesperanzas.com\/web\/wp-json\/wp\/v2\/posts"}],"about":[{"href":"https:\/\/revistaesperanzas.com\/web\/wp-json\/wp\/v2\/types\/post"}],"author":[{"embeddable":true,"href":"https:\/\/revistaesperanzas.com\/web\/wp-json\/wp\/v2\/users\/4"}],"replies":[{"embeddable":true,"href":"https:\/\/revistaesperanzas.com\/web\/wp-json\/wp\/v2\/comments?post=141996"}],"version-history":[{"count":2,"href":"https:\/\/revistaesperanzas.com\/web\/wp-json\/wp\/v2\/posts\/141996\/revisions"}],"predecessor-version":[{"id":142002,"href":"https:\/\/revistaesperanzas.com\/web\/wp-json\/wp\/v2\/posts\/141996\/revisions\/142002"}],"wp:featuredmedia":[{"embeddable":true,"href":"https:\/\/revistaesperanzas.com\/web\/wp-json\/wp\/v2\/media\/141997"}],"wp:attachment":[{"href":"https:\/\/revistaesperanzas.com\/web\/wp-json\/wp\/v2\/media?parent=141996"}],"wp:term":[{"taxonomy":"category","embeddable":true,"href":"https:\/\/revistaesperanzas.com\/web\/wp-json\/wp\/v2\/categories?post=141996"},{"taxonomy":"post_tag","embeddable":true,"href":"https:\/\/revistaesperanzas.com\/web\/wp-json\/wp\/v2\/tags?post=141996"}],"curies":[{"name":"wp","href":"https:\/\/api.w.org\/{rel}","templated":true}]}}