{"id":142003,"date":"2026-01-08T19:35:29","date_gmt":"2026-01-08T22:35:29","guid":{"rendered":"https:\/\/revistaesperanzas.com\/web\/?p=142003"},"modified":"2026-01-08T19:36:05","modified_gmt":"2026-01-08T22:36:05","slug":"una-persona-resulto-con-lesiones-graves-tras-accidente-vial","status":"publish","type":"post","link":"https:\/\/revistaesperanzas.com\/web\/2026\/01\/una-persona-resulto-con-lesiones-graves-tras-accidente-vial\/","title":{"rendered":"PERSONA RESULT\u00d3 CON LESIONES GRAVES TRAS ACCIDENTE VIAL"},"content":{"rendered":"<p>SALADAS &#8211; El siniestro vial, una persona result\u00f3 con lesiones graves. (Informaci\u00f3n inicial)<\/p>\n<p>En la madrugada de hoy 08-01-25, efectivos policiales de la Comisar\u00eda de Distrito Segunda de Saladas, tomaron conocimiento de un siniestro vial ocurrido en inmediaciones de Ruta Nacional N.\u00ba 12 a la altura del kil\u00f3metro 925 aproximadamente, el cual tuvo como protagonistas a dos camiones, resultando una persona gravemente lesionada.<\/p>\n<p>Seg\u00fan la informaci\u00f3n preliminar obtenida, el hecho se habr\u00eda registrado siendo la 03:30 horas, en el cual por causas y circunstancias que se desconocen habr\u00edan colisionado un cami\u00f3n \u2013 marca Iveco- conducido por un hombre mayor de edad, teniendo como acompa\u00f1ante a otra persona y un cami\u00f3n -marca Volkswagen- el cual era guiado por un hombre mayor de edad, qui\u00e9n fue auxiliado y trasladado al hospital local, donde posteriormente lo derivaron al hospital escuela de esta Ciudad de Corrientes, donde determinaron que posee lesiones de car\u00e1cter grave.<\/p>\n<p>En el lugar se realizaron las diligencias correspondientes con la intervenci\u00f3n de la unidad fiscal en turno, en tanto, en la citada dependencia se continuaron con los tr\u00e1mites de rigor.<\/p>\n","protected":false},"excerpt":{"rendered":"<p>SALADAS &#8211; El siniestro vial, una persona result\u00f3 con lesiones graves. (Informaci\u00f3n inicial) En la madrugada de hoy 08-01-25, efectivos policiales de la Comisar\u00eda de Distrito Segunda de Saladas, tomaron conocimiento de un siniestro vial ocurrido en inmediaciones de Ruta Nacional N.\u00ba 12 a la altura del kil\u00f3metro 925 aproximadamente, el cual tuvo como protagonistas [&hellip;]<\/p>\n","protected":false},"author":4,"featured_media":142004,"comment_status":"closed","ping_status":"closed","sticky":false,"template":"","format":"standard","meta":{"footnotes":""},"categories":[58],"tags":[],"class_list":{"0":"post-142003","1":"post","2":"type-post","3":"status-publish","4":"format-standard","5":"has-post-thumbnail","7":"category-corrientes"},"_links":{"self":[{"href":"https:\/\/revistaesperanzas.com\/web\/wp-json\/wp\/v2\/posts\/142003","targetHints":{"allow":["GET"]}}],"collection":[{"href":"https:\/\/revistaesperanzas.com\/web\/wp-json\/wp\/v2\/posts"}],"about":[{"href":"https:\/\/revistaesperanzas.com\/web\/wp-json\/wp\/v2\/types\/post"}],"author":[{"embeddable":true,"href":"https:\/\/revistaesperanzas.com\/web\/wp-json\/wp\/v2\/users\/4"}],"replies":[{"embeddable":true,"href":"https:\/\/revistaesperanzas.com\/web\/wp-json\/wp\/v2\/comments?post=142003"}],"version-history":[{"count":2,"href":"https:\/\/revistaesperanzas.com\/web\/wp-json\/wp\/v2\/posts\/142003\/revisions"}],"predecessor-version":[{"id":142007,"href":"https:\/\/revistaesperanzas.com\/web\/wp-json\/wp\/v2\/posts\/142003\/revisions\/142007"}],"wp:featuredmedia":[{"embeddable":true,"href":"https:\/\/revistaesperanzas.com\/web\/wp-json\/wp\/v2\/media\/142004"}],"wp:attachment":[{"href":"https:\/\/revistaesperanzas.com\/web\/wp-json\/wp\/v2\/media?parent=142003"}],"wp:term":[{"taxonomy":"category","embeddable":true,"href":"https:\/\/revistaesperanzas.com\/web\/wp-json\/wp\/v2\/categories?post=142003"},{"taxonomy":"post_tag","embeddable":true,"href":"https:\/\/revistaesperanzas.com\/web\/wp-json\/wp\/v2\/tags?post=142003"}],"curies":[{"name":"wp","href":"https:\/\/api.w.org\/{rel}","templated":true}]}}