{"id":142011,"date":"2026-01-08T20:02:44","date_gmt":"2026-01-08T23:02:44","guid":{"rendered":"https:\/\/revistaesperanzas.com\/web\/?p=142011"},"modified":"2026-01-08T20:02:44","modified_gmt":"2026-01-08T23:02:44","slug":"exitoso-operativo-policial-en-el-gaucho-gil-de-mercedes","status":"publish","type":"post","link":"https:\/\/revistaesperanzas.com\/web\/2026\/01\/exitoso-operativo-policial-en-el-gaucho-gil-de-mercedes\/","title":{"rendered":"EXITOSO OPERATIVO POLICIAL EN EL GAUCHO GIL DE MERCEDES"},"content":{"rendered":"<p>MERCEDES \u2013 GAUCHO GIL\u00a0 &#8211;\u00a0 La Polic\u00eda de Corrientes destaca el exitoso dispositivo especial de seguridad: el mismo se desarrolla de manera normal y sin inconvenientes<a href=\"https:\/\/revistaesperanzas.com\/web\/2026\/01\/exitoso-operativo-policial-en-el-gaucho-gil-de-mercedes\/whatsapp-image-2026-01-08-at-19-38-35\/\" rel=\"attachment wp-att-142013\"><img loading=\"lazy\" decoding=\"async\" class=\" wp-image-142013 alignleft\" src=\"https:\/\/revistaesperanzas.com\/web\/wp-content\/uploads\/2026\/01\/WhatsApp-Image-2026-01-08-at-19.38.35.jpeg\" alt=\"\" width=\"402\" height=\"267\" \/><\/a><\/p>\n<p>Desde el Ministerio de Seguridad y la Jefatura de Polic\u00eda de la Provincia de Corrientes destacan que el dispositivo especial de Seguridad implementado con motivo de las festividades en honor al Gaucho Gil, contin\u00faa desarroll\u00e1ndose conforme a lo planificado y sin registrarse hasta el momento<a href=\"https:\/\/revistaesperanzas.com\/web\/2026\/01\/exitoso-operativo-policial-en-el-gaucho-gil-de-mercedes\/whatsapp-image-2026-01-08-at-19-38-37\/\" rel=\"attachment wp-att-142014\"><img loading=\"lazy\" decoding=\"async\" class=\" wp-image-142014 alignright\" src=\"https:\/\/revistaesperanzas.com\/web\/wp-content\/uploads\/2026\/01\/WhatsApp-Image-2026-01-08-at-19.38.37.jpeg\" alt=\"\" width=\"400\" height=\"300\" srcset=\"https:\/\/revistaesperanzas.com\/web\/wp-content\/uploads\/2026\/01\/WhatsApp-Image-2026-01-08-at-19.38.37.jpeg 600w, https:\/\/revistaesperanzas.com\/web\/wp-content\/uploads\/2026\/01\/WhatsApp-Image-2026-01-08-at-19.38.37-560x420.jpeg 560w, https:\/\/revistaesperanzas.com\/web\/wp-content\/uploads\/2026\/01\/WhatsApp-Image-2026-01-08-at-19.38.37-80x60.jpeg 80w, https:\/\/revistaesperanzas.com\/web\/wp-content\/uploads\/2026\/01\/WhatsApp-Image-2026-01-08-at-19.38.37-265x198.jpeg 265w\" sizes=\"auto, (max-width: 400px) 100vw, 400px\" \/><\/a> novedades de inter\u00e9s en materia de seguridad.<\/p>\n<p>El presente operativo se despliega desde d\u00edas previos al 8 de enero \u201cfestividad del Gaucho Gil\u201d y abarca no solo el santuario principal ubicado sobre Ruta Nacional N\u00ba 123, en jurisdicci\u00f3n de la ciudad de Mercedes \u2013 Ctes., sino tambi\u00e9n los distintos santuarios y lugares de celebraci\u00f3n distribuidos a lo largo<a href=\"https:\/\/revistaesperanzas.com\/web\/2026\/01\/exitoso-operativo-policial-en-el-gaucho-gil-de-mercedes\/whatsapp-image-2026-01-08-at-19-38-39\/\" rel=\"attachment wp-att-142015\"><img loading=\"lazy\" decoding=\"async\" class=\" wp-image-142015 alignleft\" src=\"https:\/\/revistaesperanzas.com\/web\/wp-content\/uploads\/2026\/01\/WhatsApp-Image-2026-01-08-at-19.38.39.jpeg\" alt=\"\" width=\"401\" height=\"267\" srcset=\"https:\/\/revistaesperanzas.com\/web\/wp-content\/uploads\/2026\/01\/WhatsApp-Image-2026-01-08-at-19.38.39.jpeg 4160w, https:\/\/revistaesperanzas.com\/web\/wp-content\/uploads\/2026\/01\/WhatsApp-Image-2026-01-08-at-19.38.39-630x420.jpeg 630w, https:\/\/revistaesperanzas.com\/web\/wp-content\/uploads\/2026\/01\/WhatsApp-Image-2026-01-08-at-19.38.39-696x464.jpeg 696w, https:\/\/revistaesperanzas.com\/web\/wp-content\/uploads\/2026\/01\/WhatsApp-Image-2026-01-08-at-19.38.39-1068x712.jpeg 1068w, https:\/\/revistaesperanzas.com\/web\/wp-content\/uploads\/2026\/01\/WhatsApp-Image-2026-01-08-at-19.38.39-1920x1280.jpeg 1920w\" sizes=\"auto, (max-width: 401px) 100vw, 401px\" \/><\/a> del territorio provincial.<\/p>\n<p>De acuerdo a estimaciones realizadas por los organismos intervinientes, m\u00e1s de 300.000 personas han pasado por el predio y zonas aleda\u00f1as durante las jornadas centrales de celebraci\u00f3n, generando un importante movimiento vehicular y de peatones en la zona.<a href=\"https:\/\/revistaesperanzas.com\/web\/2026\/01\/exitoso-operativo-policial-en-el-gaucho-gil-de-mercedes\/whatsapp-image-2026-01-08-at-19-38-40\/\" rel=\"attachment wp-att-142016\"><img loading=\"lazy\" decoding=\"async\" class=\" wp-image-142016 alignright\" src=\"https:\/\/revistaesperanzas.com\/web\/wp-content\/uploads\/2026\/01\/WhatsApp-Image-2026-01-08-at-19.38.40.jpeg\" alt=\"\" width=\"401\" height=\"267\" srcset=\"https:\/\/revistaesperanzas.com\/web\/wp-content\/uploads\/2026\/01\/WhatsApp-Image-2026-01-08-at-19.38.40.jpeg 4160w, https:\/\/revistaesperanzas.com\/web\/wp-content\/uploads\/2026\/01\/WhatsApp-Image-2026-01-08-at-19.38.40-630x420.jpeg 630w, https:\/\/revistaesperanzas.com\/web\/wp-content\/uploads\/2026\/01\/WhatsApp-Image-2026-01-08-at-19.38.40-696x464.jpeg 696w, https:\/\/revistaesperanzas.com\/web\/wp-content\/uploads\/2026\/01\/WhatsApp-Image-2026-01-08-at-19.38.40-1068x712.jpeg 1068w, https:\/\/revistaesperanzas.com\/web\/wp-content\/uploads\/2026\/01\/WhatsApp-Image-2026-01-08-at-19.38.40-1920x1280.jpeg 1920w\" sizes=\"auto, (max-width: 401px) 100vw, 401px\" \/><\/a><br \/>\nPara el desarrollo del dispositivo se afect\u00f3 un total aproximado de 450 efectivos policiales, pertenecientes a diversas Direcciones Generales y unidades operativas, adem\u00e1s de un importante n\u00famero de m\u00f3viles policiales distribuidos estrat\u00e9gicamente en los accesos, rutas y puntos de mayor concentraci\u00f3n de fieles.<a href=\"https:\/\/revistaesperanzas.com\/web\/2026\/01\/exitoso-operativo-policial-en-el-gaucho-gil-de-mercedes\/whatsapp-image-2026-01-08-at-19-38-43\/\" rel=\"attachment wp-att-142017\"><img loading=\"lazy\" decoding=\"async\" class=\" wp-image-142017 alignleft\" src=\"https:\/\/revistaesperanzas.com\/web\/wp-content\/uploads\/2026\/01\/WhatsApp-Image-2026-01-08-at-19.38.43.jpeg\" alt=\"\" width=\"401\" height=\"267\" srcset=\"https:\/\/revistaesperanzas.com\/web\/wp-content\/uploads\/2026\/01\/WhatsApp-Image-2026-01-08-at-19.38.43.jpeg 4160w, https:\/\/revistaesperanzas.com\/web\/wp-content\/uploads\/2026\/01\/WhatsApp-Image-2026-01-08-at-19.38.43-630x420.jpeg 630w, https:\/\/revistaesperanzas.com\/web\/wp-content\/uploads\/2026\/01\/WhatsApp-Image-2026-01-08-at-19.38.43-696x464.jpeg 696w, https:\/\/revistaesperanzas.com\/web\/wp-content\/uploads\/2026\/01\/WhatsApp-Image-2026-01-08-at-19.38.43-1068x712.jpeg 1068w, https:\/\/revistaesperanzas.com\/web\/wp-content\/uploads\/2026\/01\/WhatsApp-Image-2026-01-08-at-19.38.43-1920x1280.jpeg 1920w\" sizes=\"auto, (max-width: 401px) 100vw, 401px\" \/><\/a><\/p>\n<p>El plan de seguridad integral comprende tareas de prevenci\u00f3n, control, regulaci\u00f3n del tr\u00e1nsito, recorridas y presencia policial permanente, con la finalidad de evitar incidentes, preservar el orden p\u00fablico y garantizar el normal desarrollo de las actividades religiosas y culturales.<a href=\"https:\/\/revistaesperanzas.com\/web\/2026\/01\/exitoso-operativo-policial-en-el-gaucho-gil-de-mercedes\/whatsapp-image-2026-01-08-at-19-38-46\/\" rel=\"attachment wp-att-142018\"><img loading=\"lazy\" decoding=\"async\" class=\" wp-image-142018 alignright\" src=\"https:\/\/revistaesperanzas.com\/web\/wp-content\/uploads\/2026\/01\/WhatsApp-Image-2026-01-08-at-19.38.46.jpeg\" alt=\"\" width=\"400\" height=\"266\" \/><\/a><\/p>\n<p>Hasta este momento, y pese a la masiva concurrencia de devotos y personas que circulan por el lugar, el dispositivo se viene desarrollando con total normalidad, no registr\u00e1ndose hechos de trascendencia vinculados a la seguridad ciudadana o a la alteraci\u00f3n del orden p\u00fablico.<\/p>\n<p><a href=\"https:\/\/revistaesperanzas.com\/web\/2026\/01\/exitoso-operativo-policial-en-el-gaucho-gil-de-mercedes\/whatsapp-image-2026-01-08-at-19-38-50\/\" rel=\"attachment wp-att-142019\">https:\/\/youtu.be\/yTfG0Uu1pZQ<\/a><a href=\"https:\/\/revistaesperanzas.com\/web\/2026\/01\/exitoso-operativo-policial-en-el-gaucho-gil-de-mercedes\/whatsapp-image-2026-01-08-at-19-38-50\/\" rel=\"attachment wp-att-142019\"><img loading=\"lazy\" decoding=\"async\" class=\"alignleft wp-image-142019\" src=\"https:\/\/revistaesperanzas.com\/web\/wp-content\/uploads\/2026\/01\/WhatsApp-Image-2026-01-08-at-19.38.50.jpeg\" alt=\"\" width=\"400\" height=\"431\" srcset=\"https:\/\/revistaesperanzas.com\/web\/wp-content\/uploads\/2026\/01\/WhatsApp-Image-2026-01-08-at-19.38.50.jpeg 599w, https:\/\/revistaesperanzas.com\/web\/wp-content\/uploads\/2026\/01\/WhatsApp-Image-2026-01-08-at-19.38.50-390x420.jpeg 390w\" sizes=\"auto, (max-width: 400px) 100vw, 400px\" \/><\/a><\/p>\n","protected":false},"excerpt":{"rendered":"<p>MERCEDES \u2013 GAUCHO GIL\u00a0 &#8211;\u00a0 La Polic\u00eda de Corrientes destaca el exitoso dispositivo especial de seguridad: el mismo se desarrolla de manera normal y sin inconvenientes Desde el Ministerio de Seguridad y la Jefatura de Polic\u00eda de la Provincia de Corrientes destacan que el dispositivo especial de Seguridad implementado con motivo de las festividades en [&hellip;]<\/p>\n","protected":false},"author":4,"featured_media":142012,"comment_status":"closed","ping_status":"closed","sticky":false,"template":"","format":"standard","meta":{"footnotes":""},"categories":[58],"tags":[],"class_list":{"0":"post-142011","1":"post","2":"type-post","3":"status-publish","4":"format-standard","5":"has-post-thumbnail","7":"category-corrientes"},"_links":{"self":[{"href":"https:\/\/revistaesperanzas.com\/web\/wp-json\/wp\/v2\/posts\/142011","targetHints":{"allow":["GET"]}}],"collection":[{"href":"https:\/\/revistaesperanzas.com\/web\/wp-json\/wp\/v2\/posts"}],"about":[{"href":"https:\/\/revistaesperanzas.com\/web\/wp-json\/wp\/v2\/types\/post"}],"author":[{"embeddable":true,"href":"https:\/\/revistaesperanzas.com\/web\/wp-json\/wp\/v2\/users\/4"}],"replies":[{"embeddable":true,"href":"https:\/\/revistaesperanzas.com\/web\/wp-json\/wp\/v2\/comments?post=142011"}],"version-history":[{"count":2,"href":"https:\/\/revistaesperanzas.com\/web\/wp-json\/wp\/v2\/posts\/142011\/revisions"}],"predecessor-version":[{"id":142021,"href":"https:\/\/revistaesperanzas.com\/web\/wp-json\/wp\/v2\/posts\/142011\/revisions\/142021"}],"wp:featuredmedia":[{"embeddable":true,"href":"https:\/\/revistaesperanzas.com\/web\/wp-json\/wp\/v2\/media\/142012"}],"wp:attachment":[{"href":"https:\/\/revistaesperanzas.com\/web\/wp-json\/wp\/v2\/media?parent=142011"}],"wp:term":[{"taxonomy":"category","embeddable":true,"href":"https:\/\/revistaesperanzas.com\/web\/wp-json\/wp\/v2\/categories?post=142011"},{"taxonomy":"post_tag","embeddable":true,"href":"https:\/\/revistaesperanzas.com\/web\/wp-json\/wp\/v2\/tags?post=142011"}],"curies":[{"name":"wp","href":"https:\/\/api.w.org\/{rel}","templated":true}]}}