{"id":142025,"date":"2026-01-08T22:12:51","date_gmt":"2026-01-09T01:12:51","guid":{"rendered":"https:\/\/revistaesperanzas.com\/web\/?p=142025"},"modified":"2026-01-08T22:12:51","modified_gmt":"2026-01-09T01:12:51","slug":"ajedrez-en-vacaciones","status":"publish","type":"post","link":"https:\/\/revistaesperanzas.com\/web\/2026\/01\/ajedrez-en-vacaciones\/","title":{"rendered":"AJEDREZ EN VACACIONES"},"content":{"rendered":"<p class=\"x_MsoNormal\">Excelente movimiento de piezas en la propuesta de la Direcci\u00f3n de Fortalecimiento Familiar.<a href=\"https:\/\/revistaesperanzas.com\/web\/2026\/01\/ajedrez-en-vacaciones\/ajedrez-en-vacaciones-barrio-matadero-1\/\" rel=\"attachment wp-att-142026\"><img loading=\"lazy\" decoding=\"async\" class=\" wp-image-142026 alignleft\" src=\"https:\/\/revistaesperanzas.com\/web\/wp-content\/uploads\/2026\/01\/Ajedrez-en-Vacaciones-Barrio-Matadero-1.jpg\" alt=\"\" width=\"450\" height=\"253\" \/><\/a><\/p>\n<p class=\"x_MsoNormal\">El programa integral dise\u00f1ado para las vacaciones, la Escuela de Verano sigue sumando actividades destinadas a ni\u00f1os y adolescentes de los diferentes barrios de nuestra ciudad.<\/p>\n<p class=\"x_MsoNormal\">Una gran convocatoria de ni\u00f1os y adolescentes de 8 a 16 a\u00f1os se dio en la sede del Barrio Matadero, este jueves, para incursionar en el aprendizaje del \u201cJuego Ciencia\u201d<a href=\"https:\/\/revistaesperanzas.com\/web\/2026\/01\/ajedrez-en-vacaciones\/ajedrez-en-vacaciones-barrio-matadero-2\/\" rel=\"attachment wp-att-142027\"><img loading=\"lazy\" decoding=\"async\" class=\" wp-image-142027 alignright\" src=\"https:\/\/revistaesperanzas.com\/web\/wp-content\/uploads\/2026\/01\/Ajedrez-en-Vacaciones-Barrio-Matadero-2.jpg\" alt=\"\" width=\"450\" height=\"253\" \/><\/a><\/p>\n<p class=\"x_MsoNormal\">Los Instructores Martin Gomez y Esteban Ramirez, se encargaron de ense\u00f1ar los movimientos que requiere el juego, indicando cada una de las piezas que componen el ajedrez para aquellos que se iniciaban en la disciplina, proponiendo el juego para los que contaban con un nivel m\u00e1s avanzado.<a href=\"https:\/\/revistaesperanzas.com\/web\/2026\/01\/ajedrez-en-vacaciones\/ajedrez-en-vacaciones-barrio-matadero-4\/\" rel=\"attachment wp-att-142028\"><img loading=\"lazy\" decoding=\"async\" class=\" wp-image-142028 alignleft\" src=\"https:\/\/revistaesperanzas.com\/web\/wp-content\/uploads\/2026\/01\/Ajedrez-en-Vacaciones-Barrio-Matadero-4.jpg\" alt=\"\" width=\"450\" height=\"276\" \/><\/a><\/p>\n<p class=\"x_MsoNormal\">Una tarde gris favoreci\u00f3 para que los ni\u00f1os y adolescentes adquieran conocimientos para la pr\u00e1ctica del juego, celebrando cada movimiento ejecutado hasta llegar al Jaque Mate correspondiente, concluyendo de esa manera la primera cita con este juego ciencia.<a href=\"https:\/\/revistaesperanzas.com\/web\/2026\/01\/ajedrez-en-vacaciones\/ajedrez-en-vacaciones-barrio-matadero-3\/\" rel=\"attachment wp-att-142029\"><img loading=\"lazy\" decoding=\"async\" class=\" wp-image-142029 alignright\" src=\"https:\/\/revistaesperanzas.com\/web\/wp-content\/uploads\/2026\/01\/Ajedrez-en-Vacaciones-Barrio-Matadero-3.jpg\" alt=\"\" width=\"450\" height=\"297\" \/><\/a><\/p>\n<p class=\"x_MsoNormal\">Para aquellos que tengan inter\u00e9s en participar de esta propuesta \u201cAjedrez en Vacaciones\u201d, se los invita a concurrir el pr\u00f3ximo jueves de 17 y 30 a 18 y 30 horas, en la sede barrial, sita en Empedrado y Martin Fierro.<\/p>\n","protected":false},"excerpt":{"rendered":"<p>Excelente movimiento de piezas en la propuesta de la Direcci\u00f3n de Fortalecimiento Familiar. El programa integral dise\u00f1ado para las vacaciones, la Escuela de Verano sigue sumando actividades destinadas a ni\u00f1os y adolescentes de los diferentes barrios de nuestra ciudad. Una gran convocatoria de ni\u00f1os y adolescentes de 8 a 16 a\u00f1os se dio en la [&hellip;]<\/p>\n","protected":false},"author":4,"featured_media":142030,"comment_status":"closed","ping_status":"closed","sticky":false,"template":"","format":"standard","meta":{"footnotes":""},"categories":[45],"tags":[],"class_list":{"0":"post-142025","1":"post","2":"type-post","3":"status-publish","4":"format-standard","5":"has-post-thumbnail","7":"category-locales"},"_links":{"self":[{"href":"https:\/\/revistaesperanzas.com\/web\/wp-json\/wp\/v2\/posts\/142025","targetHints":{"allow":["GET"]}}],"collection":[{"href":"https:\/\/revistaesperanzas.com\/web\/wp-json\/wp\/v2\/posts"}],"about":[{"href":"https:\/\/revistaesperanzas.com\/web\/wp-json\/wp\/v2\/types\/post"}],"author":[{"embeddable":true,"href":"https:\/\/revistaesperanzas.com\/web\/wp-json\/wp\/v2\/users\/4"}],"replies":[{"embeddable":true,"href":"https:\/\/revistaesperanzas.com\/web\/wp-json\/wp\/v2\/comments?post=142025"}],"version-history":[{"count":2,"href":"https:\/\/revistaesperanzas.com\/web\/wp-json\/wp\/v2\/posts\/142025\/revisions"}],"predecessor-version":[{"id":142032,"href":"https:\/\/revistaesperanzas.com\/web\/wp-json\/wp\/v2\/posts\/142025\/revisions\/142032"}],"wp:featuredmedia":[{"embeddable":true,"href":"https:\/\/revistaesperanzas.com\/web\/wp-json\/wp\/v2\/media\/142030"}],"wp:attachment":[{"href":"https:\/\/revistaesperanzas.com\/web\/wp-json\/wp\/v2\/media?parent=142025"}],"wp:term":[{"taxonomy":"category","embeddable":true,"href":"https:\/\/revistaesperanzas.com\/web\/wp-json\/wp\/v2\/categories?post=142025"},{"taxonomy":"post_tag","embeddable":true,"href":"https:\/\/revistaesperanzas.com\/web\/wp-json\/wp\/v2\/tags?post=142025"}],"curies":[{"name":"wp","href":"https:\/\/api.w.org\/{rel}","templated":true}]}}