{"id":142038,"date":"2026-01-09T10:34:55","date_gmt":"2026-01-09T13:34:55","guid":{"rendered":"https:\/\/revistaesperanzas.com\/web\/?p=142038"},"modified":"2026-01-09T10:34:55","modified_gmt":"2026-01-09T13:34:55","slug":"hallan-y-secuestran-armas-de-fuego-y-cartuchos","status":"publish","type":"post","link":"https:\/\/revistaesperanzas.com\/web\/2026\/01\/hallan-y-secuestran-armas-de-fuego-y-cartuchos\/","title":{"rendered":"HALLAN Y SECUESTRAN ARMAS DE FUEGO Y CARTUCHOS"},"content":{"rendered":"<p>ITATI\u00a0 &#8211;\u00a0 La Polic\u00eda tras diligenciar dos \u00f3rdenes de allanamientos, secuestraron armas de fuego y cartuchos<\/p>\n<p>En horas de la ma\u00f1ana DEL 08-01-26, efectivos policiales de la Comisar\u00eda de distrito Itat\u00ed y<a href=\"https:\/\/revistaesperanzas.com\/web\/2026\/01\/hallan-y-secuestran-armas-de-fuego-y-cartuchos\/whatsapp-image-2026-01-09-at-07-08-18\/\" rel=\"attachment wp-att-142040\"><img loading=\"lazy\" decoding=\"async\" class=\" wp-image-142040 alignleft\" src=\"https:\/\/revistaesperanzas.com\/web\/wp-content\/uploads\/2026\/01\/WhatsApp-Image-2026-01-09-at-07.08.18.jpeg\" alt=\"\" width=\"450\" height=\"600\" srcset=\"https:\/\/revistaesperanzas.com\/web\/wp-content\/uploads\/2026\/01\/WhatsApp-Image-2026-01-09-at-07.08.18.jpeg 600w, https:\/\/revistaesperanzas.com\/web\/wp-content\/uploads\/2026\/01\/WhatsApp-Image-2026-01-09-at-07.08.18-315x420.jpeg 315w\" sizes=\"auto, (max-width: 450px) 100vw, 450px\" \/><\/a> Comisar\u00eda distrito segunda de Paso de la Patria, en el marco de labores de investigaci\u00f3n desplegadas en colaboraci\u00f3n con la unidad fiscal interviniente en relaci\u00f3n a un hecho delictivo ocurrido en Paso de la Patria, tras diligenciar dos \u00f3rdenes de allanamientos en la localidad de Itat\u00ed, hallaron y secuestraron armas de fuego y cartuchos varios.<\/p>\n<p>Los distintos trabajos investigativos desplegados de manera conjunta y mancomunada, llev\u00f3 a los polic\u00edas a diligenciar dos \u00f3rdenes de allanamientos en la localidad de Itat\u00ed, para lo cual contaron con la colaboraci\u00f3n de personal de la Unidad regional N\u00b01 y de la divisi\u00f3n GTO de San Luis del Palmar.<\/p>\n<p>En ese marco, si bien no hallaron elementos de inter\u00e9s en la causa que se investiga, procedieron al secuestro de una escopeta calibre 16 \u2013choke-, escopeta calibre 16 sin<a href=\"https:\/\/revistaesperanzas.com\/web\/2026\/01\/hallan-y-secuestran-armas-de-fuego-y-cartuchos\/whatsapp-image-2026-01-09-at-07-08-18-1\/\" rel=\"attachment wp-att-142041\"><img loading=\"lazy\" decoding=\"async\" class=\" wp-image-142041 alignright\" src=\"https:\/\/revistaesperanzas.com\/web\/wp-content\/uploads\/2026\/01\/WhatsApp-Image-2026-01-09-at-07.08.18-1.jpeg\" alt=\"\" width=\"450\" height=\"349\" srcset=\"https:\/\/revistaesperanzas.com\/web\/wp-content\/uploads\/2026\/01\/WhatsApp-Image-2026-01-09-at-07.08.18-1.jpeg 600w, https:\/\/revistaesperanzas.com\/web\/wp-content\/uploads\/2026\/01\/WhatsApp-Image-2026-01-09-at-07.08.18-1-541x420.jpeg 541w\" sizes=\"auto, (max-width: 450px) 100vw, 450px\" \/><\/a> marca, cartuchos varios de diferentes calibres y un rev\u00f3lver calibre 44, ante lo cual se inici\u00f3 otra causa en paralelo por supuesta tenencia ilegal de arma de fuego.<\/p>\n<p>Las cosas secuestradas fueron puestos a disposici\u00f3n de la autoridad fiscal interviniente, siendo trasladado a la citada dependencia policial donde se prosigue con los tramites del caso.<\/p>\n","protected":false},"excerpt":{"rendered":"<p>ITATI\u00a0 &#8211;\u00a0 La Polic\u00eda tras diligenciar dos \u00f3rdenes de allanamientos, secuestraron armas de fuego y cartuchos En horas de la ma\u00f1ana DEL 08-01-26, efectivos policiales de la Comisar\u00eda de distrito Itat\u00ed y Comisar\u00eda distrito segunda de Paso de la Patria, en el marco de labores de investigaci\u00f3n desplegadas en colaboraci\u00f3n con la unidad fiscal interviniente [&hellip;]<\/p>\n","protected":false},"author":4,"featured_media":142039,"comment_status":"closed","ping_status":"closed","sticky":false,"template":"","format":"standard","meta":{"footnotes":""},"categories":[58],"tags":[],"class_list":{"0":"post-142038","1":"post","2":"type-post","3":"status-publish","4":"format-standard","5":"has-post-thumbnail","7":"category-corrientes"},"_links":{"self":[{"href":"https:\/\/revistaesperanzas.com\/web\/wp-json\/wp\/v2\/posts\/142038","targetHints":{"allow":["GET"]}}],"collection":[{"href":"https:\/\/revistaesperanzas.com\/web\/wp-json\/wp\/v2\/posts"}],"about":[{"href":"https:\/\/revistaesperanzas.com\/web\/wp-json\/wp\/v2\/types\/post"}],"author":[{"embeddable":true,"href":"https:\/\/revistaesperanzas.com\/web\/wp-json\/wp\/v2\/users\/4"}],"replies":[{"embeddable":true,"href":"https:\/\/revistaesperanzas.com\/web\/wp-json\/wp\/v2\/comments?post=142038"}],"version-history":[{"count":2,"href":"https:\/\/revistaesperanzas.com\/web\/wp-json\/wp\/v2\/posts\/142038\/revisions"}],"predecessor-version":[{"id":142043,"href":"https:\/\/revistaesperanzas.com\/web\/wp-json\/wp\/v2\/posts\/142038\/revisions\/142043"}],"wp:featuredmedia":[{"embeddable":true,"href":"https:\/\/revistaesperanzas.com\/web\/wp-json\/wp\/v2\/media\/142039"}],"wp:attachment":[{"href":"https:\/\/revistaesperanzas.com\/web\/wp-json\/wp\/v2\/media?parent=142038"}],"wp:term":[{"taxonomy":"category","embeddable":true,"href":"https:\/\/revistaesperanzas.com\/web\/wp-json\/wp\/v2\/categories?post=142038"},{"taxonomy":"post_tag","embeddable":true,"href":"https:\/\/revistaesperanzas.com\/web\/wp-json\/wp\/v2\/tags?post=142038"}],"curies":[{"name":"wp","href":"https:\/\/api.w.org\/{rel}","templated":true}]}}