{"id":142044,"date":"2026-01-09T10:45:25","date_gmt":"2026-01-09T13:45:25","guid":{"rendered":"https:\/\/revistaesperanzas.com\/web\/?p=142044"},"modified":"2026-01-09T10:45:25","modified_gmt":"2026-01-09T13:45:25","slug":"policia-de-corrientes-corno-con-exito-la-seguridad-en-el-predio-del-gaucho-gil","status":"publish","type":"post","link":"https:\/\/revistaesperanzas.com\/web\/2026\/01\/policia-de-corrientes-corno-con-exito-la-seguridad-en-el-predio-del-gaucho-gil\/","title":{"rendered":"POLIC\u00cdA DE CORRIENTES CORN\u00d3 CON \u00c9XITO LA SEGURIDAD EN EL PREDIO DEL GAUCHO GIL"},"content":{"rendered":"<p>MERCEDES\u00a0 &#8211;\u00a0 Finalizo con \u00e9xito el dispositivo especial de seguridad en el predio de la Cruz Gil<\/p>\n<div style=\"width: 478px;\" class=\"wp-video\"><!--[if lt IE 9]><script>document.createElement('video');<\/script><![endif]-->\n<video class=\"wp-video-shortcode\" id=\"video-142044-1\" width=\"478\" height=\"850\" preload=\"metadata\" controls=\"controls\"><source type=\"video\/mp4\" src=\"https:\/\/revistaesperanzas.com\/web\/wp-content\/uploads\/2026\/01\/WhatsApp-Video-2026-01-08-at-19.02.07.mp4?_=1\" \/><a href=\"https:\/\/revistaesperanzas.com\/web\/wp-content\/uploads\/2026\/01\/WhatsApp-Video-2026-01-08-at-19.02.07.mp4\">https:\/\/revistaesperanzas.com\/web\/wp-content\/uploads\/2026\/01\/WhatsApp-Video-2026-01-08-at-19.02.07.mp4<\/a><\/video><\/div>\n<p>Como saldo de todas estas jornadas de intenso trabajo realizado en el predio de la Cruz Gil, desde el Ministerio de Seguridad y la Jefatura de Polic\u00eda de la Provincia de Corrientes se destaca la finalizaci\u00f3n con resultados altamente positivos del dispositivo especial de Seguridad implementado sin registrarse novedades de inter\u00e9s en materia de seguridad.<\/p>\n<p>Cabe recordar que el operativo se inici\u00f3 el pasado d\u00eda 6 de enero hasta las primeras horas de este viernes 9, donde se dispuso un operativo de custodia ya con un total de 26<a href=\"https:\/\/revistaesperanzas.com\/web\/2026\/01\/policia-de-corrientes-corno-con-exito-la-seguridad-en-el-predio-del-gaucho-gil\/whatsapp-image-2026-01-09-at-09-39-44\/\" rel=\"attachment wp-att-142047\"><img loading=\"lazy\" decoding=\"async\" class=\"alignnone  wp-image-142047\" src=\"https:\/\/revistaesperanzas.com\/web\/wp-content\/uploads\/2026\/01\/WhatsApp-Image-2026-01-09-at-09.39.44.jpeg\" alt=\"\" width=\"686\" height=\"480\" srcset=\"https:\/\/revistaesperanzas.com\/web\/wp-content\/uploads\/2026\/01\/WhatsApp-Image-2026-01-09-at-09.39.44.jpeg 600w, https:\/\/revistaesperanzas.com\/web\/wp-content\/uploads\/2026\/01\/WhatsApp-Image-2026-01-09-at-09.39.44-100x70.jpeg 100w\" sizes=\"auto, (max-width: 686px) 100vw, 686px\" \/><\/a> funcionarios policiales de esa jurisdicci\u00f3n desplegados por todo el predio, puesto que ya se han retirado del lugar el grueso de los feligreses que se hicieron presente en demas\u00eda<br \/>\nDe acuerdo a estimaciones realizadas por los organismos intervinientes, m\u00e1s de 300.000 personas han pasado por el predio y zonas aleda\u00f1as durante todas las jornadas de celebraci\u00f3n por lo que se afect\u00f3 un total aproximado de 450 efectivos policiales, pertenecientes a diversas Direcciones Generales y unidades operativas, adem\u00e1s de un importante n\u00famero de m\u00f3viles policiales.<a href=\"https:\/\/revistaesperanzas.com\/web\/2026\/01\/policia-de-corrientes-corno-con-exito-la-seguridad-en-el-predio-del-gaucho-gil\/whatsapp-image-2026-01-09-at-09-39-44-1\/\" rel=\"attachment wp-att-142048\"><img loading=\"lazy\" decoding=\"async\" class=\"alignnone  wp-image-142048\" src=\"https:\/\/revistaesperanzas.com\/web\/wp-content\/uploads\/2026\/01\/WhatsApp-Image-2026-01-09-at-09.39.44-1.jpeg\" alt=\"\" width=\"708\" height=\"907\" srcset=\"https:\/\/revistaesperanzas.com\/web\/wp-content\/uploads\/2026\/01\/WhatsApp-Image-2026-01-09-at-09.39.44-1.jpeg 600w, https:\/\/revistaesperanzas.com\/web\/wp-content\/uploads\/2026\/01\/WhatsApp-Image-2026-01-09-at-09.39.44-1-328x420.jpeg 328w\" sizes=\"auto, (max-width: 708px) 100vw, 708px\" \/><\/a><\/p>\n<p>Por lo que en conclusi\u00f3n se destaca la profesional tarea realizada por el personal de la Polic\u00eda de Corrientes y de los diversos organismos en conjunto que trabajaron en conjunto durante todos estos d\u00edas y que permiti\u00f3 el desarrollo con total normalidad, no registr\u00e1ndose hechos de trascendencia vinculados a la seguridad ciudadana o a la alteraci\u00f3n del orden p\u00fablico.<\/p>\n","protected":false},"excerpt":{"rendered":"<p>MERCEDES\u00a0 &#8211;\u00a0 Finalizo con \u00e9xito el dispositivo especial de seguridad en el predio de la Cruz Gil Como saldo de todas estas jornadas de intenso trabajo realizado en el predio de la Cruz Gil, desde el Ministerio de Seguridad y la Jefatura de Polic\u00eda de la Provincia de Corrientes se destaca la finalizaci\u00f3n con resultados [&hellip;]<\/p>\n","protected":false},"author":4,"featured_media":142045,"comment_status":"closed","ping_status":"closed","sticky":false,"template":"","format":"standard","meta":{"footnotes":""},"categories":[58],"tags":[],"class_list":{"0":"post-142044","1":"post","2":"type-post","3":"status-publish","4":"format-standard","5":"has-post-thumbnail","7":"category-corrientes"},"_links":{"self":[{"href":"https:\/\/revistaesperanzas.com\/web\/wp-json\/wp\/v2\/posts\/142044","targetHints":{"allow":["GET"]}}],"collection":[{"href":"https:\/\/revistaesperanzas.com\/web\/wp-json\/wp\/v2\/posts"}],"about":[{"href":"https:\/\/revistaesperanzas.com\/web\/wp-json\/wp\/v2\/types\/post"}],"author":[{"embeddable":true,"href":"https:\/\/revistaesperanzas.com\/web\/wp-json\/wp\/v2\/users\/4"}],"replies":[{"embeddable":true,"href":"https:\/\/revistaesperanzas.com\/web\/wp-json\/wp\/v2\/comments?post=142044"}],"version-history":[{"count":2,"href":"https:\/\/revistaesperanzas.com\/web\/wp-json\/wp\/v2\/posts\/142044\/revisions"}],"predecessor-version":[{"id":142050,"href":"https:\/\/revistaesperanzas.com\/web\/wp-json\/wp\/v2\/posts\/142044\/revisions\/142050"}],"wp:featuredmedia":[{"embeddable":true,"href":"https:\/\/revistaesperanzas.com\/web\/wp-json\/wp\/v2\/media\/142045"}],"wp:attachment":[{"href":"https:\/\/revistaesperanzas.com\/web\/wp-json\/wp\/v2\/media?parent=142044"}],"wp:term":[{"taxonomy":"category","embeddable":true,"href":"https:\/\/revistaesperanzas.com\/web\/wp-json\/wp\/v2\/categories?post=142044"},{"taxonomy":"post_tag","embeddable":true,"href":"https:\/\/revistaesperanzas.com\/web\/wp-json\/wp\/v2\/tags?post=142044"}],"curies":[{"name":"wp","href":"https:\/\/api.w.org\/{rel}","templated":true}]}}