{"id":142051,"date":"2026-01-09T10:49:02","date_gmt":"2026-01-09T13:49:02","guid":{"rendered":"https:\/\/revistaesperanzas.com\/web\/?p=142051"},"modified":"2026-01-09T10:49:02","modified_gmt":"2026-01-09T13:49:02","slug":"secuestran-carne-vacuna-de-dudosa-procedencia-y-una-persona-es-detenida","status":"publish","type":"post","link":"https:\/\/revistaesperanzas.com\/web\/2026\/01\/secuestran-carne-vacuna-de-dudosa-procedencia-y-una-persona-es-detenida\/","title":{"rendered":"SECUESTRAN CARNE VACUNA DE DUDOSA PROCEDENCIA Y UNA PERSONA ES DETENIDA"},"content":{"rendered":"<p>ITUZAING\u00d3\u00a0 &#8211;\u00a0 La Polic\u00eda secuestro varios cortes de carne vacuna de dudosa procedencia de un local comercial y demoro a un hombre.<\/p>\n<p>En el marco de operativos preventivos y de control de diversos comercios, efectivos de la Unidad Especial de Seguridad Rural y Ecol\u00f3gica de Ituzaing\u00f3, realizaron inspecciones en comercios del rubro alimenticio en el paraje Santa Tecla.<a href=\"https:\/\/revistaesperanzas.com\/web\/2026\/01\/secuestran-carne-vacuna-de-dudosa-procedencia-y-una-persona-es-detenida\/whatsapp-image-2026-01-09-at-10-22-13\/\" rel=\"attachment wp-att-142053\"><img loading=\"lazy\" decoding=\"async\" class=\" wp-image-142053 alignright\" src=\"https:\/\/revistaesperanzas.com\/web\/wp-content\/uploads\/2026\/01\/WhatsApp-Image-2026-01-09-at-10.22.13.jpeg\" alt=\"\" width=\"451\" height=\"601\" srcset=\"https:\/\/revistaesperanzas.com\/web\/wp-content\/uploads\/2026\/01\/WhatsApp-Image-2026-01-09-at-10.22.13.jpeg 600w, https:\/\/revistaesperanzas.com\/web\/wp-content\/uploads\/2026\/01\/WhatsApp-Image-2026-01-09-at-10.22.13-315x420.jpeg 315w\" sizes=\"auto, (max-width: 451px) 100vw, 451px\" \/><\/a><\/p>\n<p>Dicho procedimiento lo llevaron a cabo los uniformados cuando en un comercio ubicado sobre Ruta Nacional N\u00ba 12, a la altura del kil\u00f3metro 1286 aproximadamente, donde tras la inspecci\u00f3n, hallaron diversos cortes de carne vacuna, divididos en dos cuartos, dos paletas y dos costillas, con un peso aproximado de 150 kilogramos, los cuales carec\u00edan del correspondiente sello bromatol\u00f3gico, adem\u00e1s aparentemente proven\u00edan de una faena clandestina.<\/p>\n<p>Por tal motivo, se procedi\u00f3 al secuestro de la totalidad de la carne vacuna y la demora del propietario del local, siendo trasladados hasta la citada dependencia policial donde se llevan adelante las diligencias de rigor con conocimiento de la unidad fiscal en turno.<\/p>\n","protected":false},"excerpt":{"rendered":"<p>ITUZAING\u00d3\u00a0 &#8211;\u00a0 La Polic\u00eda secuestro varios cortes de carne vacuna de dudosa procedencia de un local comercial y demoro a un hombre. En el marco de operativos preventivos y de control de diversos comercios, efectivos de la Unidad Especial de Seguridad Rural y Ecol\u00f3gica de Ituzaing\u00f3, realizaron inspecciones en comercios del rubro alimenticio en el [&hellip;]<\/p>\n","protected":false},"author":4,"featured_media":142052,"comment_status":"closed","ping_status":"closed","sticky":false,"template":"","format":"standard","meta":{"footnotes":""},"categories":[58],"tags":[],"class_list":{"0":"post-142051","1":"post","2":"type-post","3":"status-publish","4":"format-standard","5":"has-post-thumbnail","7":"category-corrientes"},"_links":{"self":[{"href":"https:\/\/revistaesperanzas.com\/web\/wp-json\/wp\/v2\/posts\/142051","targetHints":{"allow":["GET"]}}],"collection":[{"href":"https:\/\/revistaesperanzas.com\/web\/wp-json\/wp\/v2\/posts"}],"about":[{"href":"https:\/\/revistaesperanzas.com\/web\/wp-json\/wp\/v2\/types\/post"}],"author":[{"embeddable":true,"href":"https:\/\/revistaesperanzas.com\/web\/wp-json\/wp\/v2\/users\/4"}],"replies":[{"embeddable":true,"href":"https:\/\/revistaesperanzas.com\/web\/wp-json\/wp\/v2\/comments?post=142051"}],"version-history":[{"count":2,"href":"https:\/\/revistaesperanzas.com\/web\/wp-json\/wp\/v2\/posts\/142051\/revisions"}],"predecessor-version":[{"id":142055,"href":"https:\/\/revistaesperanzas.com\/web\/wp-json\/wp\/v2\/posts\/142051\/revisions\/142055"}],"wp:featuredmedia":[{"embeddable":true,"href":"https:\/\/revistaesperanzas.com\/web\/wp-json\/wp\/v2\/media\/142052"}],"wp:attachment":[{"href":"https:\/\/revistaesperanzas.com\/web\/wp-json\/wp\/v2\/media?parent=142051"}],"wp:term":[{"taxonomy":"category","embeddable":true,"href":"https:\/\/revistaesperanzas.com\/web\/wp-json\/wp\/v2\/categories?post=142051"},{"taxonomy":"post_tag","embeddable":true,"href":"https:\/\/revistaesperanzas.com\/web\/wp-json\/wp\/v2\/tags?post=142051"}],"curies":[{"name":"wp","href":"https:\/\/api.w.org\/{rel}","templated":true}]}}