{"id":142056,"date":"2026-01-09T11:41:05","date_gmt":"2026-01-09T14:41:05","guid":{"rendered":"https:\/\/revistaesperanzas.com\/web\/?p=142056"},"modified":"2026-01-09T21:17:31","modified_gmt":"2026-01-10T00:17:31","slug":"85-milimetros-en-horas-de-la-manana-de-este-viernes","status":"publish","type":"post","link":"https:\/\/revistaesperanzas.com\/web\/2026\/01\/85-milimetros-en-horas-de-la-manana-de-este-viernes\/","title":{"rendered":"85 MILIMETROS EN HORAS DE LA MA\u00d1ANA DE ESTE VIERNES"},"content":{"rendered":"<p>En las primeras horas de este viernes 9 de enero, entre las 04:00 y las 09:42, el registro<a href=\"https:\/\/revistaesperanzas.com\/web\/2026\/01\/85-milimetros-en-horas-de-la-manana-de-este-viernes\/whatsapp-image-2026-01-09-at-11-03-02\/\" rel=\"attachment wp-att-142058\"><img loading=\"lazy\" decoding=\"async\" class=\" wp-image-142058 alignleft\" src=\"https:\/\/revistaesperanzas.com\/web\/wp-content\/uploads\/2026\/01\/WhatsApp-Image-2026-01-09-at-11.03.02.jpeg\" alt=\"\" width=\"400\" height=\"745\" srcset=\"https:\/\/revistaesperanzas.com\/web\/wp-content\/uploads\/2026\/01\/WhatsApp-Image-2026-01-09-at-11.03.02.jpeg 596w, https:\/\/revistaesperanzas.com\/web\/wp-content\/uploads\/2026\/01\/WhatsApp-Image-2026-01-09-at-11.03.02-225x420.jpeg 225w\" sizes=\"auto, (max-width: 400px) 100vw, 400px\" \/><\/a> de lluvia caida alcanz\u00f3 los 85 mm, datos obtenidos de pluvi\u00f3metros de estaciones del PRODEGO.<\/p>\n<p>Con una altura del r\u00edo Paran\u00e1 en 3,35 m (nivel bajo), el sistema de estaciones de bombeo opera principalmente por gravedad, a excepci\u00f3n de la Estaci\u00f3n Circunvalaci\u00f3n, que funciona mediante bombas hidr\u00e1ulicas.<\/p>\n<p>Operarios del PRODEGO realizan tareas de control y operaci\u00f3n de las estaciones, adem\u00e1s equipos de cuadrillas limpian bocas de tormenta y desobstruyen canales.<\/p>\n<p>El Servicio Meteorol\u00f3gico Nacional (SMN) prev\u00e9 que las condiciones adversas continuar\u00e1n hasta la tarde de este viernes.<\/p>\n<p class=\"x_MsoNormal\"><strong>Goya Ciudad: Actualizaci\u00f3n datos precipitaciones, 100 mm hasta las 12:00 Hs<\/strong><\/p>\n<p class=\"x_MsoNormal\">De acuerdo a los registros del<a href=\"https:\/\/revistaesperanzas.com\/web\/2026\/01\/85-milimetros-en-horas-de-la-manana-de-este-viernes\/whatsapp-image-2026-01-09-at-11-03-03\/\" rel=\"attachment wp-att-142059\"><img loading=\"lazy\" decoding=\"async\" class=\"wp-image-142059 alignleft\" src=\"https:\/\/revistaesperanzas.com\/web\/wp-content\/uploads\/2026\/01\/WhatsApp-Image-2026-01-09-at-11.03.03.jpeg\" alt=\"\" width=\"450\" height=\"400\" srcset=\"https:\/\/revistaesperanzas.com\/web\/wp-content\/uploads\/2026\/01\/WhatsApp-Image-2026-01-09-at-11.03.03.jpeg 600w, https:\/\/revistaesperanzas.com\/web\/wp-content\/uploads\/2026\/01\/WhatsApp-Image-2026-01-09-at-11.03.03-473x420.jpeg 473w\" sizes=\"auto, (max-width: 450px) 100vw, 450px\" \/><\/a> PRODEGO, la cantidad de lluvia totaliz\u00f3 100 mm, hasta las 12:00 horas.<\/p>\n<p class=\"x_MsoNormal\">Se registraron 85 mm de precipitaci\u00f3n desde las 4.00 hasta las 09:42 de la ma\u00f1ana de este viernes 9 de enero.<\/p>\n<p>&nbsp;<\/p>\n","protected":false},"excerpt":{"rendered":"<p>En las primeras horas de este viernes 9 de enero, entre las 04:00 y las 09:42, el registro de lluvia caida alcanz\u00f3 los 85 mm, datos obtenidos de pluvi\u00f3metros de estaciones del PRODEGO. Con una altura del r\u00edo Paran\u00e1 en 3,35 m (nivel bajo), el sistema de estaciones de bombeo opera principalmente por gravedad, a [&hellip;]<\/p>\n","protected":false},"author":4,"featured_media":142057,"comment_status":"closed","ping_status":"closed","sticky":false,"template":"","format":"standard","meta":{"footnotes":""},"categories":[45],"tags":[],"class_list":{"0":"post-142056","1":"post","2":"type-post","3":"status-publish","4":"format-standard","5":"has-post-thumbnail","7":"category-locales"},"_links":{"self":[{"href":"https:\/\/revistaesperanzas.com\/web\/wp-json\/wp\/v2\/posts\/142056","targetHints":{"allow":["GET"]}}],"collection":[{"href":"https:\/\/revistaesperanzas.com\/web\/wp-json\/wp\/v2\/posts"}],"about":[{"href":"https:\/\/revistaesperanzas.com\/web\/wp-json\/wp\/v2\/types\/post"}],"author":[{"embeddable":true,"href":"https:\/\/revistaesperanzas.com\/web\/wp-json\/wp\/v2\/users\/4"}],"replies":[{"embeddable":true,"href":"https:\/\/revistaesperanzas.com\/web\/wp-json\/wp\/v2\/comments?post=142056"}],"version-history":[{"count":3,"href":"https:\/\/revistaesperanzas.com\/web\/wp-json\/wp\/v2\/posts\/142056\/revisions"}],"predecessor-version":[{"id":142116,"href":"https:\/\/revistaesperanzas.com\/web\/wp-json\/wp\/v2\/posts\/142056\/revisions\/142116"}],"wp:featuredmedia":[{"embeddable":true,"href":"https:\/\/revistaesperanzas.com\/web\/wp-json\/wp\/v2\/media\/142057"}],"wp:attachment":[{"href":"https:\/\/revistaesperanzas.com\/web\/wp-json\/wp\/v2\/media?parent=142056"}],"wp:term":[{"taxonomy":"category","embeddable":true,"href":"https:\/\/revistaesperanzas.com\/web\/wp-json\/wp\/v2\/categories?post=142056"},{"taxonomy":"post_tag","embeddable":true,"href":"https:\/\/revistaesperanzas.com\/web\/wp-json\/wp\/v2\/tags?post=142056"}],"curies":[{"name":"wp","href":"https:\/\/api.w.org\/{rel}","templated":true}]}}