{"id":142068,"date":"2026-01-09T16:32:37","date_gmt":"2026-01-09T19:32:37","guid":{"rendered":"https:\/\/revistaesperanzas.com\/web\/?p=142068"},"modified":"2026-01-09T16:32:37","modified_gmt":"2026-01-09T19:32:37","slug":"son-dos-las-personas-que-fueron-encontradas-calcinadas-en-accidente-de-transito","status":"publish","type":"post","link":"https:\/\/revistaesperanzas.com\/web\/2026\/01\/son-dos-las-personas-que-fueron-encontradas-calcinadas-en-accidente-de-transito\/","title":{"rendered":"SON DOS LAS PERSONAS QUE FUERON ENCONTRADAS CALCINADAS EN ACCIDENTE DE TRANSITO"},"content":{"rendered":"<p>Comisar\u00eda Primera Santo Tome Ctes.\u00a0 &#8211;\u00a0 Hoy tipo 11.20hs. se tom\u00f3 conocimiento se siniestro vial en Ruta Nacional 14 km 793 en donde un cami\u00f3n conducido por el ciudadano Graef f. Clase 1998 impacto contra un autom\u00f3vil Fiat siena.<a href=\"https:\/\/revistaesperanzas.com\/web\/2026\/01\/son-dos-las-personas-que-fueron-encontradas-calcinadas-en-accidente-de-transito\/whatsapp-image-2026-01-09-at-14-27-43\/\" rel=\"attachment wp-att-142070\"><img loading=\"lazy\" decoding=\"async\" class=\" wp-image-142070 alignleft\" src=\"https:\/\/revistaesperanzas.com\/web\/wp-content\/uploads\/2026\/01\/WhatsApp-Image-2026-01-09-at-14.27.43.jpeg\" alt=\"\" width=\"452\" height=\"796\" srcset=\"https:\/\/revistaesperanzas.com\/web\/wp-content\/uploads\/2026\/01\/WhatsApp-Image-2026-01-09-at-14.27.43.jpeg 600w, https:\/\/revistaesperanzas.com\/web\/wp-content\/uploads\/2026\/01\/WhatsApp-Image-2026-01-09-at-14.27.43-238x420.jpeg 238w\" sizes=\"auto, (max-width: 452px) 100vw, 452px\" \/><\/a><\/p>\n<p>Se hace menci\u00f3n que dicho rodado se incendi\u00f3 en su totalidad y se prosigue con las diligencias de rigor para identificar a las victimas fatales del autom\u00f3vil, dos fallecidos calcinados en Santo Tome Ctes.(se desconocen identidad).<\/p>\n<p>Se prosigue con las diligencias de rigor para esclarecer en presente hecho.<\/p>\n<p>Tras un siniestro vial ocurrido 11.20hs. en Ruta Nacional 14 km 793 donde un cami\u00f3n conducido por el ciudadano de apellido Graef. impacto un autom\u00f3vil Fiat siena. Se hace menci\u00f3n que el camion se incendi\u00f3 su totalidad de la cabina, llamas las cuales fueron sofocado por personal de bomberos voluntarios saliendo ileso el conductor del mismo.<br \/>\nMientras tanto el conductor del rodado de menor porte y una mujer que ven\u00eda de acompa\u00f1ante fallecieron calcinados por lo que se est\u00e1 tratando de confirmar sus identidades reales.<\/p>\n","protected":false},"excerpt":{"rendered":"<p>Comisar\u00eda Primera Santo Tome Ctes.\u00a0 &#8211;\u00a0 Hoy tipo 11.20hs. se tom\u00f3 conocimiento se siniestro vial en Ruta Nacional 14 km 793 en donde un cami\u00f3n conducido por el ciudadano Graef f. Clase 1998 impacto contra un autom\u00f3vil Fiat siena. Se hace menci\u00f3n que dicho rodado se incendi\u00f3 en su totalidad y se prosigue con las [&hellip;]<\/p>\n","protected":false},"author":4,"featured_media":142069,"comment_status":"closed","ping_status":"closed","sticky":false,"template":"","format":"standard","meta":{"footnotes":""},"categories":[58],"tags":[],"class_list":{"0":"post-142068","1":"post","2":"type-post","3":"status-publish","4":"format-standard","5":"has-post-thumbnail","7":"category-corrientes"},"_links":{"self":[{"href":"https:\/\/revistaesperanzas.com\/web\/wp-json\/wp\/v2\/posts\/142068","targetHints":{"allow":["GET"]}}],"collection":[{"href":"https:\/\/revistaesperanzas.com\/web\/wp-json\/wp\/v2\/posts"}],"about":[{"href":"https:\/\/revistaesperanzas.com\/web\/wp-json\/wp\/v2\/types\/post"}],"author":[{"embeddable":true,"href":"https:\/\/revistaesperanzas.com\/web\/wp-json\/wp\/v2\/users\/4"}],"replies":[{"embeddable":true,"href":"https:\/\/revistaesperanzas.com\/web\/wp-json\/wp\/v2\/comments?post=142068"}],"version-history":[{"count":2,"href":"https:\/\/revistaesperanzas.com\/web\/wp-json\/wp\/v2\/posts\/142068\/revisions"}],"predecessor-version":[{"id":142072,"href":"https:\/\/revistaesperanzas.com\/web\/wp-json\/wp\/v2\/posts\/142068\/revisions\/142072"}],"wp:featuredmedia":[{"embeddable":true,"href":"https:\/\/revistaesperanzas.com\/web\/wp-json\/wp\/v2\/media\/142069"}],"wp:attachment":[{"href":"https:\/\/revistaesperanzas.com\/web\/wp-json\/wp\/v2\/media?parent=142068"}],"wp:term":[{"taxonomy":"category","embeddable":true,"href":"https:\/\/revistaesperanzas.com\/web\/wp-json\/wp\/v2\/categories?post=142068"},{"taxonomy":"post_tag","embeddable":true,"href":"https:\/\/revistaesperanzas.com\/web\/wp-json\/wp\/v2\/tags?post=142068"}],"curies":[{"name":"wp","href":"https:\/\/api.w.org\/{rel}","templated":true}]}}