{"id":142076,"date":"2026-01-09T20:18:36","date_gmt":"2026-01-09T23:18:36","guid":{"rendered":"https:\/\/revistaesperanzas.com\/web\/?p=142076"},"modified":"2026-01-09T20:18:36","modified_gmt":"2026-01-09T23:18:36","slug":"los-que-robaron-dinero-y-motocicletas-ayer-ya-fueron-capturados-por-la-policia","status":"publish","type":"post","link":"https:\/\/revistaesperanzas.com\/web\/2026\/01\/los-que-robaron-dinero-y-motocicletas-ayer-ya-fueron-capturados-por-la-policia\/","title":{"rendered":"LOS QUE ROBARON DINERO Y MOTOCICLETAS AYER, YA FUERON CAPTURADOS POR LA POLIC\u00cdA"},"content":{"rendered":"<p>SANTO TOME\u00a0 &#8211;\u00a0 La Polic\u00eda esclareci\u00f3 un hecho delictivo ocurrido d\u00edas atr\u00e1s, luego de diligenciar \u00f3rdenes de allanamientos, secuestr\u00f3 dinero y motocicletas. Dos personas fueron aprehendidas.<a href=\"https:\/\/revistaesperanzas.com\/web\/2026\/01\/los-que-robaron-dinero-y-motocicletas-ayer-ya-fueron-capturados-por-la-policia\/whatsapp-image-2026-01-09-at-20-00-22-1\/\" rel=\"attachment wp-att-142078\"><img loading=\"lazy\" decoding=\"async\" class=\"alignnone  wp-image-142078\" src=\"https:\/\/revistaesperanzas.com\/web\/wp-content\/uploads\/2026\/01\/WhatsApp-Image-2026-01-09-at-20.00.22-1.jpeg\" alt=\"\" width=\"715\" height=\"536\" srcset=\"https:\/\/revistaesperanzas.com\/web\/wp-content\/uploads\/2026\/01\/WhatsApp-Image-2026-01-09-at-20.00.22-1.jpeg 600w, https:\/\/revistaesperanzas.com\/web\/wp-content\/uploads\/2026\/01\/WhatsApp-Image-2026-01-09-at-20.00.22-1-560x420.jpeg 560w, https:\/\/revistaesperanzas.com\/web\/wp-content\/uploads\/2026\/01\/WhatsApp-Image-2026-01-09-at-20.00.22-1-80x60.jpeg 80w, https:\/\/revistaesperanzas.com\/web\/wp-content\/uploads\/2026\/01\/WhatsApp-Image-2026-01-09-at-20.00.22-1-265x198.jpeg 265w\" sizes=\"auto, (max-width: 715px) 100vw, 715px\" \/><\/a><\/p>\n<p>En la jornada de ayer 08-01-25, efectivos policiales de la Comisaria de Distrito Segunda de Santo Tome en colaboraci\u00f3n a la Unidad Fiscal interviniente, realizaron diversas tareas investigativas en relaci\u00f3n a un hecho delictivo, ocurrido el pasado mes de diciembre y el cual damnificara a un comerciante de esa ciudad, finalmente y tras diligenciar allanamientos, lograron recuperar dinero en efectivo y tres motocicletas; dos personas se hallan aprehendidas.<\/p>\n<p>Los distintos trabajos dev investigaci\u00f3n realizados en forma conjunta y mancomunada, dieron inicio luego de haber tomado conocimiento del il\u00edcito ocurrido en un domicilio ubicado por Avenida Frondizi de esa ciudad, donde personas desconocidas habr\u00edan sustra\u00eddo una importante suma de dinero, previo a violentar la puerta de acceso.<a href=\"https:\/\/revistaesperanzas.com\/web\/2026\/01\/los-que-robaron-dinero-y-motocicletas-ayer-ya-fueron-capturados-por-la-policia\/whatsapp-image-2026-01-09-at-20-00-22\/\" rel=\"attachment wp-att-142079\"><img loading=\"lazy\" decoding=\"async\" class=\"alignnone  wp-image-142079\" src=\"https:\/\/revistaesperanzas.com\/web\/wp-content\/uploads\/2026\/01\/WhatsApp-Image-2026-01-09-at-20.00.22.jpeg\" alt=\"\" width=\"696\" height=\"499\" srcset=\"https:\/\/revistaesperanzas.com\/web\/wp-content\/uploads\/2026\/01\/WhatsApp-Image-2026-01-09-at-20.00.22.jpeg 600w, https:\/\/revistaesperanzas.com\/web\/wp-content\/uploads\/2026\/01\/WhatsApp-Image-2026-01-09-at-20.00.22-586x420.jpeg 586w\" sizes=\"auto, (max-width: 696px) 100vw, 696px\" \/><\/a><\/p>\n<p>Ante tal circunstancia, los efectivos desplegaron amplias tareas investigativas, adem\u00e1s de la inspecci\u00f3n de c\u00e1maras de seguridad de la zona, lo que permiti\u00f3 diligenciar una orden de registro a un veh\u00edculo automotor \u2013 marca Fiat Palio- donde lograron hallar y secuestrar una bolsa negra conteniendo una importante suma de dinero en efectivo, posteriormente y siguiendo con la l\u00ednea investigativa se procedi\u00f3 al diligenciamiento de una orden de allanamiento a una vivienda, en la cual, secuestraron tres motocicletas \u2013 todas de marca Honda, modelos, dos Titan CG 150cc. y Wave 110cc.- las cuales seg\u00fan las primeras averiguaciones realizadas, habr\u00edan sido adquiridas con el dinero denunciado como sustra\u00eddo, tambi\u00e9n, en la oportunidad se procedi\u00f3 a la aprehensi\u00f3n de dos hombres mayores de edad, quienes estar\u00edan sindicados como presuntos autores del hecho.<\/p>\n<p>Los aprehendidos junto a los elementos secuestrados, fueron puestos a disposici\u00f3n de la justicia y trasladados a la citada dependencia, donde se prosiguieron con las distintas diligencias del caso.<\/p>\n","protected":false},"excerpt":{"rendered":"<p>SANTO TOME\u00a0 &#8211;\u00a0 La Polic\u00eda esclareci\u00f3 un hecho delictivo ocurrido d\u00edas atr\u00e1s, luego de diligenciar \u00f3rdenes de allanamientos, secuestr\u00f3 dinero y motocicletas. Dos personas fueron aprehendidas. En la jornada de ayer 08-01-25, efectivos policiales de la Comisaria de Distrito Segunda de Santo Tome en colaboraci\u00f3n a la Unidad Fiscal interviniente, realizaron diversas tareas investigativas en [&hellip;]<\/p>\n","protected":false},"author":4,"featured_media":142077,"comment_status":"closed","ping_status":"closed","sticky":false,"template":"","format":"standard","meta":{"footnotes":""},"categories":[58],"tags":[],"class_list":{"0":"post-142076","1":"post","2":"type-post","3":"status-publish","4":"format-standard","5":"has-post-thumbnail","7":"category-corrientes"},"_links":{"self":[{"href":"https:\/\/revistaesperanzas.com\/web\/wp-json\/wp\/v2\/posts\/142076","targetHints":{"allow":["GET"]}}],"collection":[{"href":"https:\/\/revistaesperanzas.com\/web\/wp-json\/wp\/v2\/posts"}],"about":[{"href":"https:\/\/revistaesperanzas.com\/web\/wp-json\/wp\/v2\/types\/post"}],"author":[{"embeddable":true,"href":"https:\/\/revistaesperanzas.com\/web\/wp-json\/wp\/v2\/users\/4"}],"replies":[{"embeddable":true,"href":"https:\/\/revistaesperanzas.com\/web\/wp-json\/wp\/v2\/comments?post=142076"}],"version-history":[{"count":2,"href":"https:\/\/revistaesperanzas.com\/web\/wp-json\/wp\/v2\/posts\/142076\/revisions"}],"predecessor-version":[{"id":142081,"href":"https:\/\/revistaesperanzas.com\/web\/wp-json\/wp\/v2\/posts\/142076\/revisions\/142081"}],"wp:featuredmedia":[{"embeddable":true,"href":"https:\/\/revistaesperanzas.com\/web\/wp-json\/wp\/v2\/media\/142077"}],"wp:attachment":[{"href":"https:\/\/revistaesperanzas.com\/web\/wp-json\/wp\/v2\/media?parent=142076"}],"wp:term":[{"taxonomy":"category","embeddable":true,"href":"https:\/\/revistaesperanzas.com\/web\/wp-json\/wp\/v2\/categories?post=142076"},{"taxonomy":"post_tag","embeddable":true,"href":"https:\/\/revistaesperanzas.com\/web\/wp-json\/wp\/v2\/tags?post=142076"}],"curies":[{"name":"wp","href":"https:\/\/api.w.org\/{rel}","templated":true}]}}