{"id":142089,"date":"2026-01-09T20:45:50","date_gmt":"2026-01-09T23:45:50","guid":{"rendered":"https:\/\/revistaesperanzas.com\/web\/?p=142089"},"modified":"2026-01-09T20:45:50","modified_gmt":"2026-01-09T23:45:50","slug":"se-reprograma-la-presentacion-de-los-carnavales-goyanos","status":"publish","type":"post","link":"https:\/\/revistaesperanzas.com\/web\/2026\/01\/se-reprograma-la-presentacion-de-los-carnavales-goyanos\/","title":{"rendered":"SE REPROGRAMA LA PRESENTACI\u00d3N DE LOS CARNAVALES GOYANOS"},"content":{"rendered":"<p style=\"font-weight: 400;\">La presentaci\u00f3n oficial de los corsos goyanos se realizar\u00e1 el pr\u00f3ximo domingo 11 de enero, a las 19 horas en el mismo escenario Costanera Norte, Playa El Inga.<\/p>\n<p style=\"font-weight: 400;\">La presentaci\u00f3n de los carnavales para el domingo contar\u00e1 con otros elementos que se suman, previamente los comparseros desarrollaran una movida denominada \u201cBanderazo\u201d para llegar de esa manera hasta Playa el Inga, tras los cual, con la participaci\u00f3n de las comparsas que formar\u00e1n parte de la edici\u00f3n 2026, de los carnavales goyanos, se dar\u00e1n a conocer los detalles de las \u201clunas carnavaleras\u201d, cerrando con el espect\u00e1culo de la Banda Os Demonios y su Roda do samba.<\/p>\n<p style=\"font-weight: 400;\">De esta manera a causa de las intensas precipitaciones registradas en Goya, se ha reprogramado la presentaci\u00f3n de los corsos oficiales de la ciudad, domingo 11 desde las 19 horas, con entrada libre y gratuita, en Costanera Norte; Playa El Inga.<\/p>\n","protected":false},"excerpt":{"rendered":"<p>La presentaci\u00f3n oficial de los corsos goyanos se realizar\u00e1 el pr\u00f3ximo domingo 11 de enero, a las 19 horas en el mismo escenario Costanera Norte, Playa El Inga. La presentaci\u00f3n de los carnavales para el domingo contar\u00e1 con otros elementos que se suman, previamente los comparseros desarrollaran una movida denominada \u201cBanderazo\u201d para llegar de esa [&hellip;]<\/p>\n","protected":false},"author":4,"featured_media":142090,"comment_status":"closed","ping_status":"closed","sticky":false,"template":"","format":"standard","meta":{"footnotes":""},"categories":[45],"tags":[],"class_list":{"0":"post-142089","1":"post","2":"type-post","3":"status-publish","4":"format-standard","5":"has-post-thumbnail","7":"category-locales"},"_links":{"self":[{"href":"https:\/\/revistaesperanzas.com\/web\/wp-json\/wp\/v2\/posts\/142089","targetHints":{"allow":["GET"]}}],"collection":[{"href":"https:\/\/revistaesperanzas.com\/web\/wp-json\/wp\/v2\/posts"}],"about":[{"href":"https:\/\/revistaesperanzas.com\/web\/wp-json\/wp\/v2\/types\/post"}],"author":[{"embeddable":true,"href":"https:\/\/revistaesperanzas.com\/web\/wp-json\/wp\/v2\/users\/4"}],"replies":[{"embeddable":true,"href":"https:\/\/revistaesperanzas.com\/web\/wp-json\/wp\/v2\/comments?post=142089"}],"version-history":[{"count":1,"href":"https:\/\/revistaesperanzas.com\/web\/wp-json\/wp\/v2\/posts\/142089\/revisions"}],"predecessor-version":[{"id":142091,"href":"https:\/\/revistaesperanzas.com\/web\/wp-json\/wp\/v2\/posts\/142089\/revisions\/142091"}],"wp:featuredmedia":[{"embeddable":true,"href":"https:\/\/revistaesperanzas.com\/web\/wp-json\/wp\/v2\/media\/142090"}],"wp:attachment":[{"href":"https:\/\/revistaesperanzas.com\/web\/wp-json\/wp\/v2\/media?parent=142089"}],"wp:term":[{"taxonomy":"category","embeddable":true,"href":"https:\/\/revistaesperanzas.com\/web\/wp-json\/wp\/v2\/categories?post=142089"},{"taxonomy":"post_tag","embeddable":true,"href":"https:\/\/revistaesperanzas.com\/web\/wp-json\/wp\/v2\/tags?post=142089"}],"curies":[{"name":"wp","href":"https:\/\/api.w.org\/{rel}","templated":true}]}}